{"id":102579,"date":"2020-08-21T16:01:21","date_gmt":"2020-08-21T12:01:21","guid":{"rendered":""},"modified":"-0001-11-30T00:00:00","modified_gmt":"-0001-11-29T20:00:00","slug":"","status":"publish","type":"post","link":"https:\/\/ucnoqta.az\/?p=102579","title":{"rendered":"<font color=red><b>\u201cQayda-qanuna \u0259m\u0259l olunub\u201d<\/b><\/font> \u2013 Siyavu\u015f Novruzov Mehdiyevin n\u0259v\u0259sinin toyundan <font color=red><b>DANI\u015eDI<\/b><\/font>"},"content":{"rendered":"<p><em>Az\u0259rbaycan Milli Elml\u0259r Akademiyas\u0131n\u0131n (AMEA) prezidenti, akademik Ramiz Mehdiyevin n\u0259v\u0259sinin toyu g&uuml;nd\u0259min \u0259sas m&uuml;zakir\u0259 m&ouml;vzular\u0131ndan biridir. Koronavirus pandemiyas\u0131 il\u0259 \u0259laq\u0259dar Az\u0259rbaycanda x&uuml;susi karantin rejimi t\u0259tbiq edilib, k&uuml;tl\u0259vi t\u0259dbirl\u0259r, o c&uuml;ml\u0259d\u0259n toylar qada\u011fan olunub. Buna c\u0259hd ed\u0259nl\u0259r is\u0259 c\u0259zaland\u0131r\u0131l\u0131b<\/em>.<\/p>\n<p>Bu bax\u0131mdan, Ramiz Mehdiyevin n\u0259v\u0259sin\u0259 toy etm\u0259si ictimai m&uuml;zakir\u0259l\u0259r\u0259 s\u0259b\u0259b olub v\u0259 akademik, eyni zamanda toya qat\u0131lanlar t\u0259nqid at\u0259\u015fin\u0259 tutulub.<br \/>\nH\u0259min toyda Yeni Az\u0259rbaycan Partiyas\u0131n\u0131n (YAP) icra katibinin m&uuml;avini, deputat Siyavu\u015f Novruzov v\u0259 h\u0259yat yolda\u015f\u0131 Ombudsman S\u0259bin\u0259 \u018fliyeva da i\u015ftirak edib. Halbuki Siyavu\u015f Novruzov x&uuml;susi karantin rejiminin qaydalar\u0131n\u0131n pozulmas\u0131 il\u0259 ba\u011fl\u0131 c\u0259zalar\u0131n s\u0259rtl\u0259\u015fdirilm\u0259sinin t\u0259l\u0259b edirdi.<\/p>\n<p>Yenisabah.az YAP-&ccedil;\u0131 deputatla \u0259laq\u0259 saxlayaraq m\u0259s\u0259l\u0259y\u0259 ayd\u0131nl\u0131q g\u0259tirm\u0259y\u0259 &ccedil;al\u0131\u015f\u0131b.&nbsp;<\/p>\n<p><strong>&#8211; Siyavu\u015f m&uuml;\u0259llim, Ramiz Mehdiyevin n\u0259v\u0259sinin toyunda i\u015ftirak etdiyiniz\u0259 g&ouml;r\u0259 t\u0259nqid h\u0259d\u0259fin\u0259 g\u0259lmisiniz&#8230;&nbsp;<\/strong><br \/>\n&#8211; O toy b&uuml;t&uuml;n qayda-qanunlara uy\u011fun olaraq ke&ccedil;irilib. Y\u0259ni, Az\u0259rbaycan h&ouml;kum\u0259tinin a&ccedil;\u0131q havada oturmaqla ba\u011fl\u0131 q\u0259rar\u0131 var. O q\u0259rara \u0259m\u0259l olunub.<\/p>\n<p><strong>&#8211; Amma sosial \u015f\u0259b\u0259k\u0259l\u0259rd\u0259 yay\u0131lan videodan g&ouml;r&uuml;n&uuml;r ki, m\u0259rasim a&ccedil;\u0131q havada ke&ccedil;irilm\u0259yib v\u0259 sosial m\u0259saf\u0259 g&ouml;zl\u0259nilm\u0259yib.&nbsp;<\/strong><br \/>\n&#8211; Ham\u0131s\u0131 g&ouml;zl\u0259nilib. H\u0259r bir masan\u0131n aras\u0131nda 3-4 metr m\u0259saf\u0259 var idi.<\/p>\n<p><strong>&#8211; Videoda bel\u0259 g&ouml;r&uuml;nm&uuml;r ax\u0131&#8230;<\/strong><br \/>\n&nbsp;-Ola bil\u0259r sizin videoda bel\u0259 veribl\u0259r.<\/p>\n<p><strong>&#8211; Bizim video deyil, toydan &ccedil;\u0259kilmi\u015f videodur&#8230;<\/strong><br \/>\n&#8211; Bilirsiniz, i\u015ftirak el\u0259mi\u015f\u0259m, d&uuml;z el\u0259mi\u015f\u0259m.<\/p>\n<p><strong>&#8211; Siz demi\u015fdiniz ki, karantin qaydalar\u0131n\u0131 pozmaqla ba\u011fl\u0131 c\u0259zalar s\u0259rtl\u0259\u015fdirilsin.<\/strong><br \/>\n&#8211; B\u0259li, b\u0259li. Biz ham\u0131m\u0131z m\u0259saf\u0259ni g&ouml;zl\u0259mi\u015fik. O videonu kim nec\u0259 &ccedil;\u0259kib &ouml;z&uuml; bil\u0259r. M\u0259n &nbsp;boyda ki\u015finin s&ouml;z&uuml;n&uuml; qoymusan, videoya inan\u0131rsan.<\/p>\n<p><strong>&#8211; Video ba\u015fqa yerd\u0259n &ccedil;\u0259kilm\u0259yib. \u0130ndi g&ouml;z&uuml;m&uuml;zl\u0259 g&ouml;rd&uuml;y&uuml;m&uuml;z\u0259 inanmayaq?<\/strong><br \/>\n&#8211; Yox, yox. M\u0259n &ccedil;\u0259k\u0259n kimdi onu da bilir\u0259m. \u018ffqan\u0131standa &ldquo;na&ccedil;alnik razvetka&rdquo;n\u0131n s\u0259dri i\u015fl\u0259mi\u015f\u0259m. Onu da bilir\u0259m, bunu da bilir\u0259m. H\u0259r \u015fey orada g&ouml;zl\u0259nilib, qayda-qanuna da \u0259m\u0259l olunub.<\/p>\n<p><strong>&#8211; Toy ne&ccedil;\u0259 saat &ccedil;\u0259kib?<\/strong><br \/>\n&#8211; M\u0259n onu dey\u0259 bilm\u0259r\u0259m.<\/p>\n<p><strong>&#8211; Yax\u015f\u0131, siz ne&ccedil;\u0259 saat i\u015ftirak el\u0259misiniz?<\/strong><br \/>\n&nbsp;&#8211; M\u0259n onu nec\u0259 deyim?! Q\u0259zetlikdir b\u0259y\u0259m?! Ne&ccedil;\u0259 saat i\u015ftirak etm\u0259yim m\u0259nim i\u015fimdir.&nbsp;<\/p>\n","protected":false},"excerpt":{"rendered":"<p>Az\u0259rbaycan Milli Elml\u0259r Akademiyas\u0131n\u0131n (AMEA) prezidenti, akademik Ramiz Mehdiyevin n\u0259v\u0259sinin toyu g&uuml;nd\u0259min \u0259sas m&uuml;zakir\u0259 m&ouml;vzular\u0131ndan biridir. Koronavirus pandemiyas\u0131 il\u0259 \u0259laq\u0259dar Az\u0259rbaycanda x&uuml;susi karantin rejimi t\u0259tbiq edilib, k&uuml;tl\u0259vi t\u0259dbirl\u0259r, o c&uuml;ml\u0259d\u0259n&hellip;<\/p>\n","protected":false},"author":1,"featured_media":251278,"comment_status":"open","ping_status":"open","sticky":false,"template":"","format":"standard","meta":{"_lmt_disableupdate":"","_lmt_disable":"","footnotes":""},"categories":[],"tags":[],"class_list":["post-102579","post","type-post","status-publish","format-standard","has-post-thumbnail","hentry"],"_links":{"self":[{"href":"https:\/\/ucnoqta.az\/index.php?rest_route=\/wp\/v2\/posts\/102579","targetHints":{"allow":["GET"]}}],"collection":[{"href":"https:\/\/ucnoqta.az\/index.php?rest_route=\/wp\/v2\/posts"}],"about":[{"href":"https:\/\/ucnoqta.az\/index.php?rest_route=\/wp\/v2\/types\/post"}],"author":[{"embeddable":true,"href":"https:\/\/ucnoqta.az\/index.php?rest_route=\/wp\/v2\/users\/1"}],"replies":[{"embeddable":true,"href":"https:\/\/ucnoqta.az\/index.php?rest_route=%2Fwp%2Fv2%2Fcomments&post=102579"}],"version-history":[{"count":0,"href":"https:\/\/ucnoqta.az\/index.php?rest_route=\/wp\/v2\/posts\/102579\/revisions"}],"wp:featuredmedia":[{"embeddable":true,"href":"https:\/\/ucnoqta.az\/index.php?rest_route=\/wp\/v2\/media\/251278"}],"wp:attachment":[{"href":"https:\/\/ucnoqta.az\/index.php?rest_route=%2Fwp%2Fv2%2Fmedia&parent=102579"}],"wp:term":[{"taxonomy":"category","embeddable":true,"href":"https:\/\/ucnoqta.az\/index.php?rest_route=%2Fwp%2Fv2%2Fcategories&post=102579"},{"taxonomy":"post_tag","embeddable":true,"href":"https:\/\/ucnoqta.az\/index.php?rest_route=%2Fwp%2Fv2%2Ftags&post=102579"}],"curies":[{"name":"wp","href":"https:\/\/api.w.org\/{rel}","templated":true}]}}