{"id":102572,"date":"2020-08-21T14:44:31","date_gmt":"2020-08-21T10:44:31","guid":{"rendered":""},"modified":"-0001-11-30T00:00:00","modified_gmt":"-0001-11-29T20:00:00","slug":"","status":"publish","type":"post","link":"https:\/\/ucnoqta.az\/?p=102572","title":{"rendered":"Neft\u00e7alada yeni modul tipli m\u0259kt\u0259b qura\u015fd\u0131r\u0131l\u0131r"},"content":{"rendered":"<p><strong>Prezident \u0130lham \u018fliyevin 8 avqust 2020-ci il tarixli S\u0259r\u0259ncam\u0131na \u0259sas\u0259n Neft&ccedil;ala \u015f\u0259h\u0259rind\u0259 40 \u015fagird yerlik modul tipli ibtidai m\u0259kt\u0259binin qura\u015fd\u0131r\u0131lmas\u0131 i\u015fl\u0259rin\u0259 ba\u015flan\u0131l\u0131b.\u2800<\/strong><\/p>\n<p>Rayon \u0130cra Hakimiyy\u0259tind\u0259n Ucnoqta.az-a veril\u0259n m\u0259lumata g&ouml;r\u0259, son ill\u0259r &ouml;lk\u0259mizd\u0259 t\u0259hsil ocaqlar\u0131n\u0131n maddi-texniki bazas\u0131n\u0131n m&ouml;hk\u0259ml\u0259ndirilm\u0259si istiqam\u0259tind\u0259 m&uuml;him i\u015fl\u0259r g&ouml;r&uuml;l&uuml;r. Respublikam\u0131z\u0131n q\u0259s\u0259b\u0259 v\u0259 k\u0259ndl\u0259rind\u0259 yeni-yeni m\u0259kt\u0259b binalar\u0131 tikilib istifad\u0259y\u0259 verilir, m&ouml;vcud binalar is\u0259 \u0259sasl\u0131 t\u0259mir olunur.\u2800\u2800 \u2800\u2800<\/p>\n<p>\u2063Neft&ccedil;ala \u015f\u0259h\u0259rind\u0259 40 \u015fagird yerlik modul tipli m\u0259kt\u0259b binas\u0131 4 sinif, m&uuml;\u0259lliml\u0259r v\u0259 direktor otaqlar\u0131ndan ibar\u0259t olacaq. Bina dayan\u0131ql\u0131 su, istilik v\u0259 elektrik enerjisi il\u0259 t\u0259min olunacaq. M\u0259kt\u0259b yeni inventar v\u0259 texniki vasit\u0259l\u0259rl\u0259 t\u0259chiz olunacaq. T\u0259hsil oca\u011f\u0131 binas\u0131n\u0131n yeni t\u0259dris ilind\u0259 istifad\u0259y\u0259 verilm\u0259si n\u0259z\u0259rd\u0259 tutulub.<\/p>\n","protected":false},"excerpt":{"rendered":"<p>Prezident \u0130lham \u018fliyevin 8 avqust 2020-ci il tarixli S\u0259r\u0259ncam\u0131na \u0259sas\u0259n Neft&ccedil;ala \u015f\u0259h\u0259rind\u0259 40 \u015fagird yerlik modul tipli ibtidai m\u0259kt\u0259binin qura\u015fd\u0131r\u0131lmas\u0131 i\u015fl\u0259rin\u0259 ba\u015flan\u0131l\u0131b.\u2800 Rayon \u0130cra Hakimiyy\u0259tind\u0259n Ucnoqta.az-a veril\u0259n m\u0259lumata g&ouml;r\u0259, son&hellip;<\/p>\n","protected":false},"author":1,"featured_media":251278,"comment_status":"open","ping_status":"open","sticky":false,"template":"","format":"standard","meta":{"_lmt_disableupdate":"","_lmt_disable":"","footnotes":""},"categories":[91],"tags":[],"class_list":["post-102572","post","type-post","status-publish","format-standard","has-post-thumbnail","hentry","category-olkeici"],"_links":{"self":[{"href":"https:\/\/ucnoqta.az\/index.php?rest_route=\/wp\/v2\/posts\/102572","targetHints":{"allow":["GET"]}}],"collection":[{"href":"https:\/\/ucnoqta.az\/index.php?rest_route=\/wp\/v2\/posts"}],"about":[{"href":"https:\/\/ucnoqta.az\/index.php?rest_route=\/wp\/v2\/types\/post"}],"author":[{"embeddable":true,"href":"https:\/\/ucnoqta.az\/index.php?rest_route=\/wp\/v2\/users\/1"}],"replies":[{"embeddable":true,"href":"https:\/\/ucnoqta.az\/index.php?rest_route=%2Fwp%2Fv2%2Fcomments&post=102572"}],"version-history":[{"count":0,"href":"https:\/\/ucnoqta.az\/index.php?rest_route=\/wp\/v2\/posts\/102572\/revisions"}],"wp:featuredmedia":[{"embeddable":true,"href":"https:\/\/ucnoqta.az\/index.php?rest_route=\/wp\/v2\/media\/251278"}],"wp:attachment":[{"href":"https:\/\/ucnoqta.az\/index.php?rest_route=%2Fwp%2Fv2%2Fmedia&parent=102572"}],"wp:term":[{"taxonomy":"category","embeddable":true,"href":"https:\/\/ucnoqta.az\/index.php?rest_route=%2Fwp%2Fv2%2Fcategories&post=102572"},{"taxonomy":"post_tag","embeddable":true,"href":"https:\/\/ucnoqta.az\/index.php?rest_route=%2Fwp%2Fv2%2Ftags&post=102572"}],"curies":[{"name":"wp","href":"https:\/\/api.w.org\/{rel}","templated":true}]}}