{"id":102571,"date":"2020-08-21T14:36:54","date_gmt":"2020-08-21T10:36:54","guid":{"rendered":""},"modified":"-0001-11-30T00:00:00","modified_gmt":"-0001-11-29T20:00:00","slug":"","status":"publish","type":"post","link":"https:\/\/ucnoqta.az\/?p=102571","title":{"rendered":"DTX erm\u0259ni terroru il\u0259 ba\u011fl\u0131 a\u00e7\u0131qlama yayd\u0131"},"content":{"rendered":"<p><strong>&ldquo;B&ouml;y&uuml;k Erm\u0259nistan&rdquo; ideyas\u0131 il\u0259 ya\u015fayan erm\u0259nil\u0259r &ouml;z m\u0259qs\u0259dl\u0259rin\u0259 &ccedil;atmaq &uuml;&ccedil;&uuml;n xarici himay\u0259darlar\u0131n\u0131n k&ouml;m\u0259yi il\u0259 m&uuml;xt\u0259lif vaxtlarda az\u0259rbaycanl\u0131lara qar\u015f\u0131 d\u0259h\u015f\u0259tli terrorlar v\u0259 soyq\u0131r\u0131m\u0131 h\u0259yata ke&ccedil;irm\u0259kl\u0259 etnik t\u0259mizl\u0259m\u0259 siyas\u0259ti apar\u0131blar.<\/strong><\/p>\n<p>Ucnoqta.az&nbsp;x\u0259b\u0259r verir ki, bu fikirl\u0259r D&ouml;vl\u0259t T\u0259hl&uuml;k\u0259sizlik Xidm\u0259tinin (DTX) 21 avqust &#8211; terror qurbanlar\u0131n\u0131n xatir\u0259sinin Beyn\u0259lxalq An\u0131m G&uuml;n&uuml;n\u0259 h\u0259sr olunmu\u015f yaz\u0131s\u0131nda qeyd olunub.<\/p>\n<p>&quot;Az\u0259rbaycan xalq\u0131 son 200 il \u0259rzind\u0259 erm\u0259ni mill\u0259t&ccedil;il\u0259rinin davaml\u0131 olaraq etnik t\u0259mizl\u0259m\u0259, soyq\u0131r\u0131m\u0131 v\u0259 t\u0259cav&uuml;zkar siyas\u0259tin\u0259 m\u0259ruz qalaraq, &ouml;z tarixi torpaqlar\u0131ndan did\u0259rgin sal\u0131n\u0131b, qa&ccedil;q\u0131n v\u0259 m\u0259cburi k&ouml;&ccedil;k&uuml;n\u0259 &ccedil;evrilibl\u0259r.<\/p>\n<p>Erm\u0259nil\u0259r XIX \u0259srin sonlar\u0131ndan etibar\u0259n m\u0259qs\u0259dy&ouml;nl&uuml; sur\u0259td\u0259 terror t\u0259\u015fkilatlar\u0131 yaratma\u011fa v\u0259 onlardan qon\u015fu xalqlara qar\u015f\u0131 istifad\u0259 etm\u0259y\u0259 ba\u015flay\u0131blar. 1970-1980-ci ill\u0259rd\u0259 ASALA v\u0259 dig\u0259r erm\u0259ni terror t\u0259\u015fkilatlar\u0131 70-d\u0259n &ccedil;ox insan\u0131 q\u0259tl\u0259 yetiribl\u0259r. H\u0259min d&ouml;vrd\u0259 erm\u0259ni terror&ccedil;ular\u0131 t\u0259r\u0259find\u0259n &uuml;mumilikd\u0259 22 &ouml;lk\u0259d\u0259 235-d\u0259n &ccedil;ox terror akt\u0131 t&ouml;r\u0259dilib, 24 t&uuml;rk diplomat\u0131 &ouml;ld&uuml;r&uuml;l&uuml;b.<\/p>\n<p>Terroru d&ouml;vl\u0259t siyas\u0259tin\u0259 &ccedil;evir\u0259n m&uuml;asir Erm\u0259nistan Respublikas\u0131 insanl\u0131q \u0259leyhin\u0259 \u0259n a\u011f\u0131r cinay\u0259tl\u0259r\u0259 imza at\u0131b. Bu &ouml;lk\u0259nin x&uuml;susi xidm\u0259t orqanlar\u0131 Az\u0259rbaycan\u0131n m&uuml;xt\u0259lif yerl\u0259rind\u0259 &ccedil;oxsayl\u0131 terror aktlar\u0131 t\u0259\u015fkil edib. Avtobuslarda, metroda, qatarlarda t&ouml;r\u0259tdikl\u0259ri terrorlarla y&uuml;zl\u0259rl\u0259 az\u0259rbaycanl\u0131n\u0131 q\u0259tl\u0259 yetiribl\u0259r.<\/p>\n<p>Xocal\u0131 v\u0259 Qarada\u011fl\u0131 soyq\u0131r\u0131mlar\u0131 c\u0259mi 28 il \u0259vv\u0259l d&uuml;nyan\u0131n g&ouml;z&uuml; qar\u015f\u0131s\u0131nda ba\u015f ver\u0259n erm\u0259ni terrorunun \u0259n d\u0259h\u015f\u0259tli v\u0259 qanl\u0131 n\u0259tic\u0259l\u0259ridir. 2011-ci ild\u0259 A\u011fdamda 9 ya\u015fl\u0131 Fariz B\u0259d\u0259lovun, Tovuzda 13 ya\u015fl\u0131 Ayg&uuml;n \u015eahmal\u0131yevan\u0131n, 2017-ci ild\u0259 F&uuml;zulid\u0259 2 ya\u015fl\u0131 Z\u0259hra Quliyevan\u0131n v\u0259 n\u0259n\u0259si Sahib\u0259 Allahverdiyevan\u0131n, 2020-ci il iyulunda is\u0259 Tovuzun A\u011fdam k\u0259ndinin sakini, 76 ya\u015fl\u0131 \u018fziz \u018fzizovun q\u0259tl\u0259 yetirilm\u0259si bir daha g&ouml;st\u0259rir ki, terror, x&uuml;sus\u0259n m&uuml;lki insanlar\u0131n, k&ouml;rp\u0259l\u0259rin v\u0259 ya\u015fl\u0131lar\u0131n &ouml;ld&uuml;r&uuml;lm\u0259si Erm\u0259nistan\u0131n d&ouml;vl\u0259t siyas\u0259tidir&quot;.<\/p>\n","protected":false},"excerpt":{"rendered":"<p>&ldquo;B&ouml;y&uuml;k Erm\u0259nistan&rdquo; ideyas\u0131 il\u0259 ya\u015fayan erm\u0259nil\u0259r &ouml;z m\u0259qs\u0259dl\u0259rin\u0259 &ccedil;atmaq &uuml;&ccedil;&uuml;n xarici himay\u0259darlar\u0131n\u0131n k&ouml;m\u0259yi il\u0259 m&uuml;xt\u0259lif vaxtlarda az\u0259rbaycanl\u0131lara qar\u015f\u0131 d\u0259h\u015f\u0259tli terrorlar v\u0259 soyq\u0131r\u0131m\u0131 h\u0259yata ke&ccedil;irm\u0259kl\u0259 etnik t\u0259mizl\u0259m\u0259 siyas\u0259ti apar\u0131blar. Ucnoqta.az&nbsp;x\u0259b\u0259r verir&hellip;<\/p>\n","protected":false},"author":1,"featured_media":251278,"comment_status":"open","ping_status":"open","sticky":false,"template":"","format":"standard","meta":{"_lmt_disableupdate":"","_lmt_disable":"","footnotes":""},"categories":[],"tags":[],"class_list":["post-102571","post","type-post","status-publish","format-standard","has-post-thumbnail","hentry"],"_links":{"self":[{"href":"https:\/\/ucnoqta.az\/index.php?rest_route=\/wp\/v2\/posts\/102571","targetHints":{"allow":["GET"]}}],"collection":[{"href":"https:\/\/ucnoqta.az\/index.php?rest_route=\/wp\/v2\/posts"}],"about":[{"href":"https:\/\/ucnoqta.az\/index.php?rest_route=\/wp\/v2\/types\/post"}],"author":[{"embeddable":true,"href":"https:\/\/ucnoqta.az\/index.php?rest_route=\/wp\/v2\/users\/1"}],"replies":[{"embeddable":true,"href":"https:\/\/ucnoqta.az\/index.php?rest_route=%2Fwp%2Fv2%2Fcomments&post=102571"}],"version-history":[{"count":0,"href":"https:\/\/ucnoqta.az\/index.php?rest_route=\/wp\/v2\/posts\/102571\/revisions"}],"wp:featuredmedia":[{"embeddable":true,"href":"https:\/\/ucnoqta.az\/index.php?rest_route=\/wp\/v2\/media\/251278"}],"wp:attachment":[{"href":"https:\/\/ucnoqta.az\/index.php?rest_route=%2Fwp%2Fv2%2Fmedia&parent=102571"}],"wp:term":[{"taxonomy":"category","embeddable":true,"href":"https:\/\/ucnoqta.az\/index.php?rest_route=%2Fwp%2Fv2%2Fcategories&post=102571"},{"taxonomy":"post_tag","embeddable":true,"href":"https:\/\/ucnoqta.az\/index.php?rest_route=%2Fwp%2Fv2%2Ftags&post=102571"}],"curies":[{"name":"wp","href":"https:\/\/api.w.org\/{rel}","templated":true}]}}