{"id":102570,"date":"2020-08-21T14:27:04","date_gmt":"2020-08-21T10:27:04","guid":{"rendered":""},"modified":"-0001-11-30T00:00:00","modified_gmt":"-0001-11-29T20:00:00","slug":"","status":"publish","type":"post","link":"https:\/\/ucnoqta.az\/?p=102570","title":{"rendered":"A\u011fda\u015fda karantin qaydalar\u0131n\u0131 pozan kafe, restoran v\u0259 \u00e7ayxanalar a\u015fkarlan\u0131b &#8211;<font color=red><b> Foto<\/b><\/font>"},"content":{"rendered":"<p><strong>A\u011fda\u015f Rayon Polis \u015e&ouml;b\u0259si \u0259m\u0259kda\u015flar\u0131n\u0131n ke&ccedil;irdikl\u0259ri t\u0259dbirl\u0259r n\u0259tic\u0259sind\u0259 rayon \u0259razisind\u0259 sanitar-karantin rejimi qaydalar\u0131n\u0131n pozuldu\u011fu ictimai ia\u015f\u0259 m&uuml;\u0259ssis\u0259l\u0259ri a\u015fkar edilib.<\/strong><\/p>\n<p>Bununla ba\u011fl\u0131 Daxili \u0130\u015fl\u0259r Nazirliyinin m\u0259tbuat xidm\u0259tinin \u015e\u0259ki regional qrupu&nbsp;m\u0259lumat yay\u0131b. Bildirilib ki, Qida T\u0259hl&uuml;k\u0259sizliyi Agentliyi \u0259m\u0259kda\u015flar\u0131n\u0131n da i\u015ftirak\u0131 il\u0259 ke&ccedil;iril\u0259n reyd zaman\u0131 karantin rejimi qaydalar\u0131na \u0259m\u0259l etm\u0259y\u0259n, el\u0259c\u0259 d\u0259, sanitar-epidemioloji normalar\u0131n pozulmas\u0131 il\u0259 m&uuml;\u015fayi\u0259t olunan kafe, restoran v\u0259 &ccedil;ayxanalar a\u015fkarlan\u0131b.<\/p>\n<p>Polis v\u0259 AQTA \u0259m\u0259kda\u015flar\u0131 sahibkarlar v\u0259 icar\u0259darlarla profilaktik s&ouml;hb\u0259tl\u0259r apar\u0131blar, t\u0259l\u0259bl\u0259r\u0259 riay\u0259t etm\u0259l\u0259rinin h\u0259m &ouml;zl\u0259ri, h\u0259m d\u0259 dig\u0259rl\u0259rinin sa\u011flaml\u0131\u011f\u0131 &uuml;&ccedil;&uuml;n m&uuml;h&uuml;m \u0259h\u0259miyy\u0259t k\u0259sb etdiyi vur\u011fulan\u0131b.<\/p>\n<p>H\u0259m&ccedil;inin, g&ouml;z\u0259llik salonlar\u0131nda, b\u0259rb\u0259rxanalarda, ma\u011fazalarda v\u0259 dig\u0259r qapal\u0131 m\u0259kanlarda da reydl\u0259r davam etdirilib. Polis \u0259m\u0259kda\u015flar\u0131 b\u0259zi icar\u0259darlar\u0131n, sat\u0131c\u0131 v\u0259 m&uuml;\u015ft\u0259ril\u0259rin t\u0259n\u0259ff&uuml;s yollar\u0131n\u0131 qoruyan f\u0259rdi vasit\u0259l\u0259rd\u0259n istifad\u0259 etm\u0259dikl\u0259rini a\u015fkarlay\u0131blar.<\/p>\n<p>&Uuml;mumilikd\u0259,&nbsp;qaydalar\u0131 pozduqlar\u0131 &uuml;&ccedil;&uuml;n iki&nbsp;&ccedil;ayxanan\u0131n f\u0259aliyy\u0259ti dayand\u0131r\u0131l\u0131b, 11 \u015f\u0259xs bar\u0259sind\u0259 inzibati t\u0259nbeh t\u0259dbirl\u0259ri g&ouml;r&uuml;l&uuml;b.<\/p>\n","protected":false},"excerpt":{"rendered":"<p>A\u011fda\u015f Rayon Polis \u015e&ouml;b\u0259si \u0259m\u0259kda\u015flar\u0131n\u0131n ke&ccedil;irdikl\u0259ri t\u0259dbirl\u0259r n\u0259tic\u0259sind\u0259 rayon \u0259razisind\u0259 sanitar-karantin rejimi qaydalar\u0131n\u0131n pozuldu\u011fu ictimai ia\u015f\u0259 m&uuml;\u0259ssis\u0259l\u0259ri a\u015fkar edilib. Bununla ba\u011fl\u0131 Daxili \u0130\u015fl\u0259r Nazirliyinin m\u0259tbuat xidm\u0259tinin \u015e\u0259ki regional qrupu&nbsp;m\u0259lumat yay\u0131b.&hellip;<\/p>\n","protected":false},"author":1,"featured_media":251278,"comment_status":"open","ping_status":"open","sticky":false,"template":"","format":"standard","meta":{"_lmt_disableupdate":"","_lmt_disable":"","footnotes":""},"categories":[],"tags":[],"class_list":["post-102570","post","type-post","status-publish","format-standard","has-post-thumbnail","hentry"],"_links":{"self":[{"href":"https:\/\/ucnoqta.az\/index.php?rest_route=\/wp\/v2\/posts\/102570","targetHints":{"allow":["GET"]}}],"collection":[{"href":"https:\/\/ucnoqta.az\/index.php?rest_route=\/wp\/v2\/posts"}],"about":[{"href":"https:\/\/ucnoqta.az\/index.php?rest_route=\/wp\/v2\/types\/post"}],"author":[{"embeddable":true,"href":"https:\/\/ucnoqta.az\/index.php?rest_route=\/wp\/v2\/users\/1"}],"replies":[{"embeddable":true,"href":"https:\/\/ucnoqta.az\/index.php?rest_route=%2Fwp%2Fv2%2Fcomments&post=102570"}],"version-history":[{"count":0,"href":"https:\/\/ucnoqta.az\/index.php?rest_route=\/wp\/v2\/posts\/102570\/revisions"}],"wp:featuredmedia":[{"embeddable":true,"href":"https:\/\/ucnoqta.az\/index.php?rest_route=\/wp\/v2\/media\/251278"}],"wp:attachment":[{"href":"https:\/\/ucnoqta.az\/index.php?rest_route=%2Fwp%2Fv2%2Fmedia&parent=102570"}],"wp:term":[{"taxonomy":"category","embeddable":true,"href":"https:\/\/ucnoqta.az\/index.php?rest_route=%2Fwp%2Fv2%2Fcategories&post=102570"},{"taxonomy":"post_tag","embeddable":true,"href":"https:\/\/ucnoqta.az\/index.php?rest_route=%2Fwp%2Fv2%2Ftags&post=102570"}],"curies":[{"name":"wp","href":"https:\/\/api.w.org\/{rel}","templated":true}]}}