{"id":102558,"date":"2020-08-21T11:25:56","date_gmt":"2020-08-21T07:25:56","guid":{"rendered":""},"modified":"-0001-11-30T00:00:00","modified_gmt":"-0001-11-29T20:00:00","slug":"","status":"publish","type":"post","link":"https:\/\/ucnoqta.az\/?p=102558","title":{"rendered":"Bil\u0259suvarda polis ictimai n\u0259qliyyatda reyd ke\u00e7irib"},"content":{"rendered":"<p><strong>Bil\u0259suvar Rayon Polis \u015e&ouml;b\u0259sinin D&ouml;vl\u0259t Yol Polis B&ouml;lm\u0259sinin \u0259m\u0259kda\u015flar\u0131 ictimai n\u0259qliyyatda t\u0259n\u0259ff&uuml;s yollar\u0131n\u0131 qoruyan f\u0259rdi vasit\u0259l\u0259rd\u0259n istifad\u0259 etm\u0259y\u0259n \u015f\u0259xsl\u0259r\u0259, el\u0259c\u0259 d\u0259 karantin rejimi zman\u0131 m&uuml;\u0259yy\u0259n edilmi\u015f normadan art\u0131q s\u0259rni\u015fin g&ouml;t&uuml;r\u0259n s&uuml;r&uuml;c&uuml;l\u0259r\u0259 qar\u015f\u0131 reyd ke&ccedil;irib.<\/strong><\/p>\n<p>D\u0130N-in M\u0259tbuat Xidm\u0259tinin L\u0259nk\u0259ran regional qrupundan Ucnoqta.az-a veril\u0259n m\u0259lumata g&ouml;r\u0259, Bil\u0259suvar rayonu daxilind\u0259 s\u0259rni\u015finda\u015f\u0131ma il\u0259 m\u0259\u015f\u011ful olan n\u0259qliyyat vasit\u0259l\u0259rind\u0259 ke&ccedil;iril\u0259n reyd zaman\u0131 b\u0259zi s&uuml;r&uuml;c&uuml; v\u0259 s\u0259rni\u015finl\u0259rin tibbi maskadan istifad\u0259 etm\u0259diyi a\u015fkarlan\u0131b.<\/p>\n<p>Onlarla profilaktik s&ouml;hb\u0259tl\u0259r apar\u0131l\u0131b v\u0259 tibbi maskalardan istifad\u0259nin z\u0259ruriliyi diqq\u0259t\u0259 &ccedil;atd\u0131r\u0131l\u0131b.<\/p>\n<p>Polis \u0259m\u0259kda\u015flar\u0131 t\u0259r\u0259find\u0259n ictimai n\u0259qliyyatdan istifad\u0259 ed\u0259n sakinl\u0259r\u0259 tibbi maskalar paylan\u0131b. Reyd zaman\u0131 h\u0259m&ccedil;inin, avtobuslarda normadan art\u0131q s\u0259rni\u015fin g&ouml;t&uuml;r\u0259n s&uuml;r&uuml;c&uuml;l\u0259r\u0259 ciddi x\u0259b\u0259rdarl\u0131q edilib. Edil\u0259n x\u0259b\u0259rdarl\u0131qlara r\u0259\u011fm\u0259n qaydalar\u0131 pozan s&uuml;r&uuml;c&uuml;l\u0259r bar\u0259sind\u0259 m&uuml;vafiq qaydada protokollar t\u0259rtib edilib.<\/p>\n","protected":false},"excerpt":{"rendered":"<p>Bil\u0259suvar Rayon Polis \u015e&ouml;b\u0259sinin D&ouml;vl\u0259t Yol Polis B&ouml;lm\u0259sinin \u0259m\u0259kda\u015flar\u0131 ictimai n\u0259qliyyatda t\u0259n\u0259ff&uuml;s yollar\u0131n\u0131 qoruyan f\u0259rdi vasit\u0259l\u0259rd\u0259n istifad\u0259 etm\u0259y\u0259n \u015f\u0259xsl\u0259r\u0259, el\u0259c\u0259 d\u0259 karantin rejimi zman\u0131 m&uuml;\u0259yy\u0259n edilmi\u015f normadan art\u0131q s\u0259rni\u015fin g&ouml;t&uuml;r\u0259n&hellip;<\/p>\n","protected":false},"author":1,"featured_media":251278,"comment_status":"open","ping_status":"open","sticky":false,"template":"","format":"standard","meta":{"_lmt_disableupdate":"","_lmt_disable":"","footnotes":""},"categories":[],"tags":[],"class_list":["post-102558","post","type-post","status-publish","format-standard","has-post-thumbnail","hentry"],"_links":{"self":[{"href":"https:\/\/ucnoqta.az\/index.php?rest_route=\/wp\/v2\/posts\/102558","targetHints":{"allow":["GET"]}}],"collection":[{"href":"https:\/\/ucnoqta.az\/index.php?rest_route=\/wp\/v2\/posts"}],"about":[{"href":"https:\/\/ucnoqta.az\/index.php?rest_route=\/wp\/v2\/types\/post"}],"author":[{"embeddable":true,"href":"https:\/\/ucnoqta.az\/index.php?rest_route=\/wp\/v2\/users\/1"}],"replies":[{"embeddable":true,"href":"https:\/\/ucnoqta.az\/index.php?rest_route=%2Fwp%2Fv2%2Fcomments&post=102558"}],"version-history":[{"count":0,"href":"https:\/\/ucnoqta.az\/index.php?rest_route=\/wp\/v2\/posts\/102558\/revisions"}],"wp:featuredmedia":[{"embeddable":true,"href":"https:\/\/ucnoqta.az\/index.php?rest_route=\/wp\/v2\/media\/251278"}],"wp:attachment":[{"href":"https:\/\/ucnoqta.az\/index.php?rest_route=%2Fwp%2Fv2%2Fmedia&parent=102558"}],"wp:term":[{"taxonomy":"category","embeddable":true,"href":"https:\/\/ucnoqta.az\/index.php?rest_route=%2Fwp%2Fv2%2Fcategories&post=102558"},{"taxonomy":"post_tag","embeddable":true,"href":"https:\/\/ucnoqta.az\/index.php?rest_route=%2Fwp%2Fv2%2Ftags&post=102558"}],"curies":[{"name":"wp","href":"https:\/\/api.w.org\/{rel}","templated":true}]}}