{"id":102553,"date":"2020-08-21T10:30:09","date_gmt":"2020-08-21T06:30:09","guid":{"rendered":""},"modified":"-0001-11-30T00:00:00","modified_gmt":"-0001-11-29T20:00:00","slug":"","status":"publish","type":"post","link":"https:\/\/ucnoqta.az\/?p=102553","title":{"rendered":"Futbol \u00fczr\u0259 Avropa Liqas\u0131nda 2019\/20 m\u00f6vs\u00fcm\u00fcn\u0259 yekun vurulur"},"content":{"rendered":"<p><strong>Futbol &uuml;zr\u0259 Avropa Liqas\u0131nda 2019\/20 m&ouml;vs&uuml;m&uuml;n\u0259 yekun vurulur.<\/strong><\/p>\n<p>Bu g&uuml;n turnirin final oyunu ke&ccedil;iril\u0259c\u0259k.<br \/>\nH\u0259lledici qar\u015f\u0131la\u015fmada \u0130spaniya t\u0259msil&ccedil;isi &ldquo;Sevilya&rdquo; il\u0259 \u0130taliya &ldquo;\u0130nter&rdquo;i &uuml;z-&uuml;z\u0259 g\u0259l\u0259c\u0259k.<br \/>\nNiderlandl\u0131 Denni Makkelienin idar\u0259 ed\u0259c\u0259yi mat&ccedil; &quot;Sevilya&quot;n\u0131n 6-c\u0131 Avropa Liqas\u0131 final\u0131 olacaq ki, komanda \u0259vv\u0259lki 5 finalda oldu\u011fu kimi, yen\u0259 kuboku muzeyin\u0259 aparmaq niyy\u0259tind\u0259dir.<\/p>\n<p>Avropa Liqas\u0131<\/p>\n<p>Final<br \/>\n21 avqust<br \/>\n23:00. &ldquo;Sevilya&rdquo; (\u0130spaniya) &ndash; &ldquo;\u0130nter&rdquo; (\u0130taliya)<br \/>\nK&ouml;ln. &ldquo;Reyn Enerji&rdquo; stadionu.<\/p>\n","protected":false},"excerpt":{"rendered":"<p>Futbol &uuml;zr\u0259 Avropa Liqas\u0131nda 2019\/20 m&ouml;vs&uuml;m&uuml;n\u0259 yekun vurulur. Bu g&uuml;n turnirin final oyunu ke&ccedil;iril\u0259c\u0259k. H\u0259lledici qar\u015f\u0131la\u015fmada \u0130spaniya t\u0259msil&ccedil;isi &ldquo;Sevilya&rdquo; il\u0259 \u0130taliya &ldquo;\u0130nter&rdquo;i &uuml;z-&uuml;z\u0259 g\u0259l\u0259c\u0259k. Niderlandl\u0131 Denni Makkelienin idar\u0259 ed\u0259c\u0259yi mat&ccedil;&hellip;<\/p>\n","protected":false},"author":1,"featured_media":251278,"comment_status":"open","ping_status":"open","sticky":false,"template":"","format":"standard","meta":{"_lmt_disableupdate":"","_lmt_disable":"","footnotes":""},"categories":[90],"tags":[],"class_list":["post-102553","post","type-post","status-publish","format-standard","has-post-thumbnail","hentry","category-idman-butun-xeberler"],"_links":{"self":[{"href":"https:\/\/ucnoqta.az\/index.php?rest_route=\/wp\/v2\/posts\/102553","targetHints":{"allow":["GET"]}}],"collection":[{"href":"https:\/\/ucnoqta.az\/index.php?rest_route=\/wp\/v2\/posts"}],"about":[{"href":"https:\/\/ucnoqta.az\/index.php?rest_route=\/wp\/v2\/types\/post"}],"author":[{"embeddable":true,"href":"https:\/\/ucnoqta.az\/index.php?rest_route=\/wp\/v2\/users\/1"}],"replies":[{"embeddable":true,"href":"https:\/\/ucnoqta.az\/index.php?rest_route=%2Fwp%2Fv2%2Fcomments&post=102553"}],"version-history":[{"count":0,"href":"https:\/\/ucnoqta.az\/index.php?rest_route=\/wp\/v2\/posts\/102553\/revisions"}],"wp:featuredmedia":[{"embeddable":true,"href":"https:\/\/ucnoqta.az\/index.php?rest_route=\/wp\/v2\/media\/251278"}],"wp:attachment":[{"href":"https:\/\/ucnoqta.az\/index.php?rest_route=%2Fwp%2Fv2%2Fmedia&parent=102553"}],"wp:term":[{"taxonomy":"category","embeddable":true,"href":"https:\/\/ucnoqta.az\/index.php?rest_route=%2Fwp%2Fv2%2Fcategories&post=102553"},{"taxonomy":"post_tag","embeddable":true,"href":"https:\/\/ucnoqta.az\/index.php?rest_route=%2Fwp%2Fv2%2Ftags&post=102553"}],"curies":[{"name":"wp","href":"https:\/\/api.w.org\/{rel}","templated":true}]}}