{"id":102538,"date":"2020-08-20T21:53:16","date_gmt":"2020-08-20T17:53:16","guid":{"rendered":""},"modified":"-0001-11-30T00:00:00","modified_gmt":"-0001-11-29T20:00:00","slug":"","status":"publish","type":"post","link":"https:\/\/ucnoqta.az\/?p=102538","title":{"rendered":"Eldar H\u0259s\u0259novun nec\u0259 saxland\u0131\u011f\u0131 a\u00e7\u0131qland\u0131"},"content":{"rendered":"<p><strong>V\u0259kil Adil \u0130smay\u0131lov Az\u0259rbaycan\u0131n Serbiya Respublikas\u0131nda, Monteneqroda v\u0259 Bosniya v\u0259 Herseqovinada sabiq f&ouml;vq\u0259lad\u0259 v\u0259 s\u0259lahiyy\u0259tli s\u0259firi Eldar H\u0259s\u0259novun nec\u0259 saxlanmas\u0131 bar\u0259d\u0259 a&ccedil;\u0131qlama verib.<\/strong><\/p>\n<p>Onun s&ouml;zl\u0259rin\u0259 g&ouml;r\u0259, E.H\u0259s\u0259nov 13 avqust 2020-ci il tarixd\u0259 s\u0259h\u0259r saat 9 rad\u0259l\u0259rind\u0259 evind\u0259n &ccedil;\u0131xaraq X\u0130N-\u0259 yeni nazirl\u0259 \u0259vv\u0259lc\u0259d\u0259n raz\u0131la\u015fd\u0131r\u0131lm\u0131\u015f g&ouml;r&uuml;\u015f\u0259 ged\u0259rk\u0259n DTX \u0259m\u0259kda\u015flar\u0131 t\u0259r\u0259find\u0259n saxlan\u0131l\u0131b v\u0259 oraya g\u0259tirilib:<\/p>\n<p>&quot;Bundan sonra onun arzusu il\u0259 m\u0259ni d\u0259v\u0259t edibl\u0259r v\u0259 m&uuml;dafi\u0259&ccedil;i kimi i\u015fd\u0259 i\u015ftirak etm\u0259y\u0259 burax\u0131lm\u0131\u015fam&quot; &#8211; dey\u0259 v\u0259kil bildirib.&nbsp;<\/p>\n<p>Qeyd ed\u0259k ki,&nbsp;Eldar H\u0259s\u0259nova qar\u015f\u0131 Cinay\u0259t M\u0259c\u0259ll\u0259sinin 308.2-ci (v\u0259zif\u0259 s\u0259lahiyy\u0259tl\u0259rind\u0259n sui istifad\u0259) 308-1.1-ci (b&uuml;dc\u0259 v\u0259saitl\u0259rinin t\u0259yinat\u0131 &uuml;zr\u0259 x\u0259rcl\u0259nm\u0259m\u0259si) madd\u0259l\u0259ril\u0259 ittiham ir\u0259li s&uuml;r&uuml;l&uuml;b. S\u0259bail rayon M\u0259hk\u0259m\u0259sinin q\u0259rar\u0131 il\u0259 onun bar\u0259sind\u0259 noyabr\u0131n 3-d\u0259k h\u0259bs-q\u0259timkan t\u0259dbiri se&ccedil;ilib.<\/p>\n<p>Xat\u0131rladaq ki, Az\u0259rbaycan Respublikas\u0131 Xarici \u0130\u015fl\u0259r Nazirliyinin b\u0259zi v\u0259zif\u0259li \u015f\u0259xsl\u0259rinin &ouml;z s\u0259lahiyy\u0259tl\u0259rind\u0259n sui-istifad\u0259 edib d&ouml;vl\u0259tin qanunla qorunan m\u0259nafel\u0259rin\u0259 m&uuml;h&uuml;m z\u0259r\u0259r vuran \u0259m\u0259ll\u0259r\u0259 yol verm\u0259l\u0259ri il\u0259 ba\u011fl\u0131 D&ouml;vl\u0259t T\u0259hl&uuml;k\u0259sizliyi Xidm\u0259tind\u0259 (DTX) ba\u015flan\u0131lm\u0131\u015f cinay\u0259t i\u015fi &uuml;zr\u0259 Xarici \u0130\u015fl\u0259r Nazirliyinin \u0130\u015fl\u0259r idar\u0259sinin m&uuml;diri, Nazirliyin Tender Komissiyas\u0131n\u0131n s\u0259dri F\u0259rhad Molla-zad\u0259, Konsulluq idar\u0259sinin r\u0259isi Faiq Ba\u011f\u0131rov v\u0259 dig\u0259rl\u0259ri v\u0259zif\u0259 s\u0259lahiyy\u0259tl\u0259rind\u0259n sui-istifad\u0259 etm\u0259, m\u0259nims\u0259m\u0259, r&uuml;\u015fv\u0259t alma faktlar\u0131na g&ouml;r\u0259 cinay\u0259t m\u0259suliyy\u0259tin\u0259 c\u0259lb edil\u0259r\u0259k bar\u0259l\u0259rind\u0259 m\u0259hk\u0259m\u0259nin q\u0259rarlar\u0131 \u0259sas\u0131nda h\u0259bs q\u0259timkan t\u0259dbiri se&ccedil;ilib.<\/p>\n<p>Davam ed\u0259n cinay\u0259t i\u015fi &uuml;zr\u0259 h\u0259yata ke&ccedil;iril\u0259n istintaq-\u0259m\u0259liyyat t\u0259dbirl\u0259ri zaman\u0131 Xarici \u0130\u015fl\u0259r Nazirliyinin f\u0259aliyy\u0259t istiqam\u0259tl\u0259ri &uuml;zr\u0259 ayr\u0131lan d&ouml;vl\u0259t b&uuml;dc\u0259 v\u0259saitl\u0259rinin m\u0259nims\u0259nilm\u0259si il\u0259 ba\u011fl\u0131 yeni m\u0259lumatlar \u0259ld\u0259 edilib, toplan\u0131lm\u0131\u015f materiallar \u0259sas\u0131nda m&uuml;vafiq q\u0259rarla kompleks maliyy\u0259-t\u0259s\u0259rr&uuml;fat f\u0259aliyy\u0259ti &uuml;zr\u0259 yoxlama t\u0259yin edilib.<\/p>\n<p>Maliyy\u0259 yoxlamalar\u0131 zaman\u0131 Az\u0259rbaycan Respublikas\u0131n\u0131n Serbiya Respublikas\u0131nda, Monteneqroda, Bosniya v\u0259 Hersoqovinadak\u0131 s\u0259firi H\u0259s\u0259nov Eldar H&uuml;mb\u0259t o\u011flu t\u0259r\u0259find\u0259n xeyli miqdarda b&uuml;dc\u0259 v\u0259saitinin t\u0259yinat\u0131 &uuml;zr\u0259 istifad\u0259 edilm\u0259m\u0259si v\u0259 dig\u0259r qanun pozuntular\u0131n\u0131n t&ouml;r\u0259dilm\u0259sin\u0259 dair \u0259sasl\u0131 \u015f&uuml;bh\u0259l\u0259r m&uuml;\u0259yy\u0259n edilib. Apar\u0131lan istintaq &ccedil;\u0259r&ccedil;iv\u0259sind\u0259 Eldar H\u0259s\u0259nov \u015f&uuml;bh\u0259li \u015f\u0259xs qismind\u0259 tutulub.\/report<br \/>\n&nbsp;<\/p>\n","protected":false},"excerpt":{"rendered":"<p>V\u0259kil Adil \u0130smay\u0131lov Az\u0259rbaycan\u0131n Serbiya Respublikas\u0131nda, Monteneqroda v\u0259 Bosniya v\u0259 Herseqovinada sabiq f&ouml;vq\u0259lad\u0259 v\u0259 s\u0259lahiyy\u0259tli s\u0259firi Eldar H\u0259s\u0259novun nec\u0259 saxlanmas\u0131 bar\u0259d\u0259 a&ccedil;\u0131qlama verib. Onun s&ouml;zl\u0259rin\u0259 g&ouml;r\u0259, E.H\u0259s\u0259nov 13 avqust 2020-ci&hellip;<\/p>\n","protected":false},"author":1,"featured_media":251278,"comment_status":"open","ping_status":"open","sticky":false,"template":"","format":"standard","meta":{"_lmt_disableupdate":"","_lmt_disable":"","footnotes":""},"categories":[],"tags":[],"class_list":["post-102538","post","type-post","status-publish","format-standard","has-post-thumbnail","hentry"],"_links":{"self":[{"href":"https:\/\/ucnoqta.az\/index.php?rest_route=\/wp\/v2\/posts\/102538","targetHints":{"allow":["GET"]}}],"collection":[{"href":"https:\/\/ucnoqta.az\/index.php?rest_route=\/wp\/v2\/posts"}],"about":[{"href":"https:\/\/ucnoqta.az\/index.php?rest_route=\/wp\/v2\/types\/post"}],"author":[{"embeddable":true,"href":"https:\/\/ucnoqta.az\/index.php?rest_route=\/wp\/v2\/users\/1"}],"replies":[{"embeddable":true,"href":"https:\/\/ucnoqta.az\/index.php?rest_route=%2Fwp%2Fv2%2Fcomments&post=102538"}],"version-history":[{"count":0,"href":"https:\/\/ucnoqta.az\/index.php?rest_route=\/wp\/v2\/posts\/102538\/revisions"}],"wp:featuredmedia":[{"embeddable":true,"href":"https:\/\/ucnoqta.az\/index.php?rest_route=\/wp\/v2\/media\/251278"}],"wp:attachment":[{"href":"https:\/\/ucnoqta.az\/index.php?rest_route=%2Fwp%2Fv2%2Fmedia&parent=102538"}],"wp:term":[{"taxonomy":"category","embeddable":true,"href":"https:\/\/ucnoqta.az\/index.php?rest_route=%2Fwp%2Fv2%2Fcategories&post=102538"},{"taxonomy":"post_tag","embeddable":true,"href":"https:\/\/ucnoqta.az\/index.php?rest_route=%2Fwp%2Fv2%2Ftags&post=102538"}],"curies":[{"name":"wp","href":"https:\/\/api.w.org\/{rel}","templated":true}]}}