{"id":102534,"date":"2020-08-20T20:38:58","date_gmt":"2020-08-20T16:38:58","guid":{"rendered":""},"modified":"-0001-11-30T00:00:00","modified_gmt":"-0001-11-29T20:00:00","slug":"","status":"publish","type":"post","link":"https:\/\/ucnoqta.az\/?p=102534","title":{"rendered":"\u018fli \u018fs\u0259dov iclas ke\u00e7irdi"},"content":{"rendered":"<p>Bu g\u00fcn Ba\u015f Nazir, D\u00f6vl\u0259t Neft Fondunun M\u00fc\u015fahid\u0259 \u015euras\u0131n\u0131n s\u0259dri \u018fli \u018fs\u0259dovun s\u0259drliyi il\u0259 \u015euran\u0131n video formatda n\u00f6vb\u0259ti iclas\u0131 ke\u00e7irilib.<\/p>\n<p>Nazirl\u0259r Kabinetinin m\u0259tbuat xidm\u0259tind\u0259n  veril\u0259n m\u0259lumata g\u00f6r\u0259, \u0130clasda ARDNF-in 2020-ci ilin yeddi ay\u0131 \u0259rzind\u0259 f\u0259aliyy\u0259tinin yekunlar\u0131 v\u0259 Fondun 2020-ci il \u00fc\u00e7\u00fcn b\u00fcdc\u0259sin\u0259 edil\u0259c\u0259k d\u0259yi\u015fiklikl\u0259r m\u00fczakir\u0259 edilib. H\u0259m\u00e7inin iclasda yeni \u00e7a\u011f\u0131r\u0131\u015flar fonunda DNF-in uzunm\u00fcdd\u0259tli dayan\u0131ql\u0131\u011f\u0131 m\u0259s\u0259l\u0259l\u0259ri d\u0259 \u0259trafl\u0131 m\u00fczakir\u0259 olunub.<\/p>\n<p>D\u00fcnya bazar\u0131nda neftin qiym\u0259tinin d\u0259yi\u015fm\u0259si, OPEK+ anla\u015fmas\u0131 \u00fczr\u0259 hasilat\u0131n azalmas\u0131 v\u0259 D\u00f6vl\u0259t b\u00fcdc\u0259sinin d\u00fcr\u00fcstl\u0259\u015fm\u0259si il\u0259 \u0259laq\u0259dar Neft Fondundan b\u00fcdc\u0259y\u0259 \u0259lav\u0259 transfert edilm\u0259si D\u00f6vl\u0259t Neft Fondunun 2020-ci il \u00fc\u00e7\u00fcn b\u00fcdc\u0259sin\u0259 d\u0259 yenid\u0259n bax\u0131lmas\u0131 z\u0259rur\u0259tini yarad\u0131b.<\/p>\n<p>DNF-nin b\u00fcdc\u0259sin\u0259 d\u0259yi\u015fikliyi n\u0259z\u0259rd\u0259 tutan layih\u0259 M\u00fc\u015fahid\u0259 \u015euras\u0131 t\u0259r\u0259find\u0259n m\u0259qs\u0259d\u0259m\u00fcvafiq hesab olunub v\u0259 Az\u0259rbaycan Respublikas\u0131n\u0131n Prezidentin\u0259 t\u0259qdim edilm\u0259si haqda q\u0259rar q\u0259bul edilib.<\/p>\n","protected":false},"excerpt":{"rendered":"<p>Bu g\u00fcn Ba\u015f Nazir, D\u00f6vl\u0259t Neft Fondunun M\u00fc\u015fahid\u0259 \u015euras\u0131n\u0131n s\u0259dri \u018fli \u018fs\u0259dovun s\u0259drliyi il\u0259 \u015euran\u0131n video formatda n\u00f6vb\u0259ti iclas\u0131 ke\u00e7irilib. Nazirl\u0259r Kabinetinin m\u0259tbuat xidm\u0259tind\u0259n veril\u0259n m\u0259lumata g\u00f6r\u0259, \u0130clasda ARDNF-in 2020-ci&hellip;<\/p>\n","protected":false},"author":1,"featured_media":251278,"comment_status":"open","ping_status":"open","sticky":false,"template":"","format":"standard","meta":{"_lmt_disableupdate":"","_lmt_disable":"","footnotes":""},"categories":[],"tags":[],"class_list":["post-102534","post","type-post","status-publish","format-standard","has-post-thumbnail","hentry"],"_links":{"self":[{"href":"https:\/\/ucnoqta.az\/index.php?rest_route=\/wp\/v2\/posts\/102534","targetHints":{"allow":["GET"]}}],"collection":[{"href":"https:\/\/ucnoqta.az\/index.php?rest_route=\/wp\/v2\/posts"}],"about":[{"href":"https:\/\/ucnoqta.az\/index.php?rest_route=\/wp\/v2\/types\/post"}],"author":[{"embeddable":true,"href":"https:\/\/ucnoqta.az\/index.php?rest_route=\/wp\/v2\/users\/1"}],"replies":[{"embeddable":true,"href":"https:\/\/ucnoqta.az\/index.php?rest_route=%2Fwp%2Fv2%2Fcomments&post=102534"}],"version-history":[{"count":0,"href":"https:\/\/ucnoqta.az\/index.php?rest_route=\/wp\/v2\/posts\/102534\/revisions"}],"wp:featuredmedia":[{"embeddable":true,"href":"https:\/\/ucnoqta.az\/index.php?rest_route=\/wp\/v2\/media\/251278"}],"wp:attachment":[{"href":"https:\/\/ucnoqta.az\/index.php?rest_route=%2Fwp%2Fv2%2Fmedia&parent=102534"}],"wp:term":[{"taxonomy":"category","embeddable":true,"href":"https:\/\/ucnoqta.az\/index.php?rest_route=%2Fwp%2Fv2%2Fcategories&post=102534"},{"taxonomy":"post_tag","embeddable":true,"href":"https:\/\/ucnoqta.az\/index.php?rest_route=%2Fwp%2Fv2%2Ftags&post=102534"}],"curies":[{"name":"wp","href":"https:\/\/api.w.org\/{rel}","templated":true}]}}