{"id":102523,"date":"2020-08-20T14:45:51","date_gmt":"2020-08-20T10:45:51","guid":{"rendered":""},"modified":"-0001-11-30T00:00:00","modified_gmt":"-0001-11-29T20:00:00","slug":"","status":"publish","type":"post","link":"https:\/\/ucnoqta.az\/?p=102523","title":{"rendered":"T\u0259cili T\u00fcrkiy\u0259y\u0259 apar\u0131lan \u018fli H\u0259s\u0259nov s\u0259hh\u0259tind\u0259n <font color=red><b>DANI\u015eDI<\/b><\/font>"},"content":{"rendered":"<p><strong>Haz\u0131rda Tu\u0308rkiy\u0259d\u0259 x\u0259st\u0259xanadayam. Du\u0308n\u0259n g\u0259lmis\u0327\u0259m, mu\u0308ayin\u0259l\u0259r davam edir, bu gu\u0308n v\u0259 sabah anju v\u0259 testl\u0259r edil\u0259c\u0259k.<\/strong><\/p>\n<p>Bunu&nbsp;Publika.az-a ac\u0327\u0131qlamas\u0131nda Prezidentin kec\u0327mis\u0327 ko\u0308m\u0259kc\u0327isi \u018fli H\u0259s\u0259nov s\u0259hh\u0259ti il\u0259 bag\u0306l\u0131 dan\u0131s\u0327ark\u0259n deyib.<br \/>\n\u018fli H\u0259s\u0259nov bildirib ki, bundan sonra 72 saatl\u0131q u\u0308r\u0259k do\u0308yu\u0308ntu\u0308 testi il\u0259 yoxlama olacaq v\u0259 tam q\u0259rar veril\u0259c\u0259k: &ldquo;K\u0259skin aritmiyan\u0131n v\u0259 u\u0308t\u0259k c\u0327at\u0131s\u0327mazl\u0131g\u0306\u0131n\u0131n s\u0259b\u0259bi d\u0259qiq mu\u0308\u0259yy\u0259n edil\u0259nd\u0259n sonra yeni bir ac\u0327\u0131q u\u0308r\u0259k \u0259m\u0259liyyat\u0131n\u0131n, yaxud klapanlara hans\u0131sa mu\u0308daxil\u0259nin olub-olmamas\u0131na q\u0259rar veril\u0259c\u0259k. H\u0259m d\u0259 boyun damarlar\u0131nda ciddi problem as\u0327karlan\u0131b&rdquo;.<\/p>\n<p>Qeyd ed\u0259k ki, d&uuml;n\u0259n gec\u0259 \u018fli H\u0259s\u0259novun s\u0259hh\u0259ti q\u0259fl\u0259t\u0259n pisl\u0259\u015fdiyin\u0259 g&ouml;r\u0259 T&uuml;rkiy\u0259y\u0259 yola sal\u0131n\u0131b v\u0259 x\u0259st\u0259xanaya yerl\u0259\u015fdirilib.<br \/>\nO, ciddi &uuml;r\u0259k &ccedil;at\u0131\u015fmazl\u0131\u011f\u0131ndan, k\u0259skin aritmiya v\u0259 damar ke&ccedil;irm\u0259zliyind\u0259n \u0259ziyy\u0259t &ccedil;\u0259kir.<\/p>\n<p>\u018f.H\u0259s\u0259nov 2013-c&uuml; ild\u0259 infarkt ke&ccedil;irdikd\u0259n sonra t\u0259cili olaraq Almaniyaya apar\u0131l\u0131b v\u0259 bir ay\u0131n i&ccedil;\u0259risind\u0259 iki d\u0259f\u0259 a&ccedil;\u0131q &uuml;r\u0259k \u0259m\u0259liyyat\u0131 edilib.<\/p>\n","protected":false},"excerpt":{"rendered":"<p>Haz\u0131rda Tu\u0308rkiy\u0259d\u0259 x\u0259st\u0259xanadayam. Du\u0308n\u0259n g\u0259lmis\u0327\u0259m, mu\u0308ayin\u0259l\u0259r davam edir, bu gu\u0308n v\u0259 sabah anju v\u0259 testl\u0259r edil\u0259c\u0259k. Bunu&nbsp;Publika.az-a ac\u0327\u0131qlamas\u0131nda Prezidentin kec\u0327mis\u0327 ko\u0308m\u0259kc\u0327isi \u018fli H\u0259s\u0259nov s\u0259hh\u0259ti il\u0259 bag\u0306l\u0131 dan\u0131s\u0327ark\u0259n deyib. \u018fli H\u0259s\u0259nov&hellip;<\/p>\n","protected":false},"author":1,"featured_media":251278,"comment_status":"open","ping_status":"open","sticky":false,"template":"","format":"standard","meta":{"_lmt_disableupdate":"","_lmt_disable":"","footnotes":""},"categories":[],"tags":[],"class_list":["post-102523","post","type-post","status-publish","format-standard","has-post-thumbnail","hentry"],"_links":{"self":[{"href":"https:\/\/ucnoqta.az\/index.php?rest_route=\/wp\/v2\/posts\/102523","targetHints":{"allow":["GET"]}}],"collection":[{"href":"https:\/\/ucnoqta.az\/index.php?rest_route=\/wp\/v2\/posts"}],"about":[{"href":"https:\/\/ucnoqta.az\/index.php?rest_route=\/wp\/v2\/types\/post"}],"author":[{"embeddable":true,"href":"https:\/\/ucnoqta.az\/index.php?rest_route=\/wp\/v2\/users\/1"}],"replies":[{"embeddable":true,"href":"https:\/\/ucnoqta.az\/index.php?rest_route=%2Fwp%2Fv2%2Fcomments&post=102523"}],"version-history":[{"count":0,"href":"https:\/\/ucnoqta.az\/index.php?rest_route=\/wp\/v2\/posts\/102523\/revisions"}],"wp:featuredmedia":[{"embeddable":true,"href":"https:\/\/ucnoqta.az\/index.php?rest_route=\/wp\/v2\/media\/251278"}],"wp:attachment":[{"href":"https:\/\/ucnoqta.az\/index.php?rest_route=%2Fwp%2Fv2%2Fmedia&parent=102523"}],"wp:term":[{"taxonomy":"category","embeddable":true,"href":"https:\/\/ucnoqta.az\/index.php?rest_route=%2Fwp%2Fv2%2Fcategories&post=102523"},{"taxonomy":"post_tag","embeddable":true,"href":"https:\/\/ucnoqta.az\/index.php?rest_route=%2Fwp%2Fv2%2Ftags&post=102523"}],"curies":[{"name":"wp","href":"https:\/\/api.w.org\/{rel}","templated":true}]}}