{"id":102511,"date":"2020-08-20T13:06:59","date_gmt":"2020-08-20T09:06:59","guid":{"rendered":""},"modified":"-0001-11-30T00:00:00","modified_gmt":"-0001-11-29T20:00:00","slug":"","status":"publish","type":"post","link":"https:\/\/ucnoqta.az\/?p=102511","title":{"rendered":"&#8220;Messinin formas\u0131n\u0131 ist\u0259dim &#8230;&#8221;- <font color=red><b>&#8220;Bavariya&#8221;l\u0131 futbol\u00e7u<\/b><\/font>"},"content":{"rendered":"<p><strong>&ldquo;Bavariya&rdquo;n\u0131n yar\u0131mm&uuml;dafi\u0259&ccedil;isi Alfonso Deyvis bildirib ki, &Ccedil;empionlar Liqas\u0131n\u0131n 1\/4 final\u0131nda &ldquo;Barselona&rdquo; &uuml;z\u0259rind\u0259 q\u0259l\u0259b\u0259d\u0259n sonra r\u0259qib komandan\u0131n kapitan\u0131 Lionel Messid\u0259n formas\u0131n\u0131 ist\u0259s\u0259 d\u0259, argentinal\u0131 buna&nbsp;\u0259h\u0259miyy\u0259t verm\u0259yib.<\/strong><\/p>\n<p>Kanadal\u0131 futbol&ccedil;unun s&ouml;zl\u0259rini &ldquo;BT Sport&rdquo; agentliyi d\u0259rc edib.<br \/>\n&ldquo;Oyun bit\u0259nd\u0259n sonra Messinin yan\u0131na getdim v\u0259 formas\u0131n\u0131 ist\u0259dim. Dey\u0259s\u0259n, bir az m\u0259yus idi. &Uuml;mid edir\u0259m ki, n&ouml;vb\u0259ti d\u0259f\u0259 onun formas\u0131n\u0131 ala bil\u0259c\u0259y\u0259m&rdquo;, dey\u0259 futbol&ccedil;u qeyd edib.<\/p>\n<p>Qeyd ed\u0259k ki, Avropa Futbol Assosiasiyalar\u0131 \u0130ttifaq\u0131n\u0131n (UEFA) q\u0259bul etdiyi q\u0259rara g&ouml;r\u0259, koronavirus infeksiyas\u0131 il\u0259 \u0259laq\u0259dar futbol&ccedil;ular\u0131n formalar\u0131n\u0131 d\u0259yi\u015fdirm\u0259sin\u0259 icaz\u0259 verilmir.<\/p>\n<p>Protokola \u0259sas\u0259n, s&ouml;z&uuml;ged\u0259n qaydalara riay\u0259t etm\u0259y\u0259n futbol&ccedil;u 12 g&uuml;n karantind\u0259 qalmal\u0131d\u0131r.\/\/\/oxu.az<\/p>\n","protected":false},"excerpt":{"rendered":"<p>&ldquo;Bavariya&rdquo;n\u0131n yar\u0131mm&uuml;dafi\u0259&ccedil;isi Alfonso Deyvis bildirib ki, &Ccedil;empionlar Liqas\u0131n\u0131n 1\/4 final\u0131nda &ldquo;Barselona&rdquo; &uuml;z\u0259rind\u0259 q\u0259l\u0259b\u0259d\u0259n sonra r\u0259qib komandan\u0131n kapitan\u0131 Lionel Messid\u0259n formas\u0131n\u0131 ist\u0259s\u0259 d\u0259, argentinal\u0131 buna&nbsp;\u0259h\u0259miyy\u0259t verm\u0259yib. Kanadal\u0131 futbol&ccedil;unun s&ouml;zl\u0259rini &ldquo;BT Sport&rdquo;&hellip;<\/p>\n","protected":false},"author":1,"featured_media":251278,"comment_status":"open","ping_status":"open","sticky":false,"template":"","format":"standard","meta":{"_lmt_disableupdate":"","_lmt_disable":"","footnotes":""},"categories":[90],"tags":[],"class_list":["post-102511","post","type-post","status-publish","format-standard","has-post-thumbnail","hentry","category-idman-butun-xeberler"],"_links":{"self":[{"href":"https:\/\/ucnoqta.az\/index.php?rest_route=\/wp\/v2\/posts\/102511","targetHints":{"allow":["GET"]}}],"collection":[{"href":"https:\/\/ucnoqta.az\/index.php?rest_route=\/wp\/v2\/posts"}],"about":[{"href":"https:\/\/ucnoqta.az\/index.php?rest_route=\/wp\/v2\/types\/post"}],"author":[{"embeddable":true,"href":"https:\/\/ucnoqta.az\/index.php?rest_route=\/wp\/v2\/users\/1"}],"replies":[{"embeddable":true,"href":"https:\/\/ucnoqta.az\/index.php?rest_route=%2Fwp%2Fv2%2Fcomments&post=102511"}],"version-history":[{"count":0,"href":"https:\/\/ucnoqta.az\/index.php?rest_route=\/wp\/v2\/posts\/102511\/revisions"}],"wp:featuredmedia":[{"embeddable":true,"href":"https:\/\/ucnoqta.az\/index.php?rest_route=\/wp\/v2\/media\/251278"}],"wp:attachment":[{"href":"https:\/\/ucnoqta.az\/index.php?rest_route=%2Fwp%2Fv2%2Fmedia&parent=102511"}],"wp:term":[{"taxonomy":"category","embeddable":true,"href":"https:\/\/ucnoqta.az\/index.php?rest_route=%2Fwp%2Fv2%2Fcategories&post=102511"},{"taxonomy":"post_tag","embeddable":true,"href":"https:\/\/ucnoqta.az\/index.php?rest_route=%2Fwp%2Fv2%2Ftags&post=102511"}],"curies":[{"name":"wp","href":"https:\/\/api.w.org\/{rel}","templated":true}]}}