{"id":102507,"date":"2020-08-20T12:32:55","date_gmt":"2020-08-20T08:32:55","guid":{"rendered":""},"modified":"-0001-11-30T00:00:00","modified_gmt":"-0001-11-29T20:00:00","slug":"","status":"publish","type":"post","link":"https:\/\/ucnoqta.az\/?p=102507","title":{"rendered":"QM\u0130 Qaz\u0131lar \u015euras\u0131n\u0131n M\u0259h\u0259rr\u0259m ay\u0131n\u0131n ba\u015flamas\u0131 il\u0259 ba\u011fl\u0131 m\u00fcraci\u0259ti"},"content":{"rendered":"<p><strong>Qafqaz M&uuml;s\u0259lmanlar\u0131 \u0130dar\u0259si Qaz\u0131lar \u015euras\u0131 M\u0259h\u0259rr\u0259mlik ay\u0131 il\u0259 ba\u011fl\u0131 m&uuml;raci\u0259t edib.<\/strong><\/p>\n<p>QM\u0130-d\u0259n Ucnoqta.az-a veril\u0259n m\u0259lumata g&ouml;r\u0259, m&uuml;raci\u0259td\u0259 deyilir: &quot;Bismillahir-r\u0259hmanir-r\u0259him! M&ouml;ht\u0259r\u0259m m&ouml;min qarda\u015f v\u0259 bac\u0131lar\u0131m\u0131z! Qafqaz M&uuml;s\u0259lmanlar\u0131 \u0130dar\u0259sinin Qaz\u0131lar \u015euras\u0131 v\u0259 s\u0259lahiyy\u0259tli n&uuml;may\u0259nd\u0259l\u0259ri n\u0259z\u0259riniz\u0259 &ccedil;atd\u0131r\u0131r ki, Hicri-q\u0259m\u0259ri t\u0259qvimi il\u0259 1441-ci il ba\u015fa &ccedil;at\u0131r, yeni 1442-ci ilin ba\u015flan\u011f\u0131c\u0131 &ndash; M\u0259h\u0259rr\u0259m ay\u0131n\u0131n 1-i Miladi t\u0259qviml\u0259 2020-c&uuml; il avqust ay\u0131n\u0131n 21-n\u0259 t\u0259sad&uuml;f edir.<\/p>\n<p>M\u0259h\u0259rr\u0259m ay\u0131 Hicri-q\u0259m\u0259ri ilinin aylar\u0131 aras\u0131nda m&uuml;q\u0259dd\u0259s aylardan biridir. Bu ay H\u0259zr\u0259t Pey\u011f\u0259mb\u0259rin (s) buyurdu\u011fu kimi, m&uuml;harib\u0259l\u0259rin qada\u011fan olundu\u011fu aylardan biri olmas\u0131na baxmayaraq, A\u015fura g&uuml;n&uuml; \u0130mam H&uuml;seyn \u0259leyhiss\u0259lam t\u0259r\u0259fdarlar\u0131n\u0131n haqq u\u011frunda \u015f\u0259had\u0259t\u0259 yeti\u015fdiyi g&uuml;n kimi \u018fhli-Beyt (\u0259) tarixin\u0259 k\u0259d\u0259rli, lakin, eyni zamanda, inancl\u0131 insanlara q&uuml;rur b\u0259x\u015f ed\u0259n bir m\u0259qam kimi daxil olmu\u015fdur. K\u0259rb\u0259la faci\u0259sinin n\u0259sill\u0259rin yadda\u015f\u0131nda ya\u015famas\u0131, \u0130mam H&uuml;seyn \u0259leyhiss\u0259lam\u0131n h\u0259yat v\u0259 m&uuml;bariz\u0259sinin yad edilm\u0259si olduqca b&ouml;y&uuml;k m\u0259n\u0259vi-\u0259xlaqi \u0259h\u0259miyy\u0259t k\u0259sb edir. \u0130mam H&uuml;seyn \u0259leyhiss\u0259lam\u0131n \u0259zadarl\u0131\u011f\u0131 iman sevgisinin, \u0259qid\u0259y\u0259 sadiqliyin, V\u0259t\u0259n u\u011frunda \u015f\u0259had\u0259t\u0259 haz\u0131rl\u0131q ruhunun t\u0259c\u0259ss&uuml;m&uuml;d&uuml;r.<\/p>\n<p>M&ouml;ht\u0259r\u0259m qarda\u015f v\u0259 bac\u0131lar\u0131m\u0131z! M\u0259h\u0259rr\u0259m ay\u0131n\u0131n 10-u &ndash; A\u015fura g&uuml;n&uuml; 2020-ci il avqust ay\u0131n\u0131n 30-na t\u0259sad&uuml;f edir. Bu m&uuml;nasib\u0259tl\u0259 b&uuml;t&uuml;n dindarlar\u0131m\u0131za d\u0259rin h&uuml;znl\u0259 ba\u015fsa\u011fl\u0131\u011f\u0131 verir, Allah-T\u0259aladan s\u0259br, m\u0259\u011ffir\u0259t dil\u0259yirik.<\/p>\n<p>Bu il A\u015fura d&uuml;nyada davam ed\u0259n koronovirus pandemiyas\u0131 d&ouml;vr&uuml;n\u0259 t\u0259sad&uuml;f edir. Aylard\u0131r ki koronovirus pandemiyas\u0131 b&uuml;t&uuml;n d&uuml;nyan\u0131 c\u0259ngin\u0259 al\u0131b, y&uuml;z minl\u0259rl\u0259 insan bu qorxunc b\u0259la &uuml;z&uuml;nd\u0259n h\u0259yat\u0131n\u0131 itirib, milyonlarla insan x\u0259st\u0259xanalarda &ouml;l&uuml;ml\u0259 h\u0259yat aras\u0131nda m&uuml;bariz\u0259 aparmaqdad\u0131r. \u0130nsan sa\u011flaml\u0131\u011f\u0131na ciddi t\u0259hl&uuml;k\u0259, &ouml;l&uuml;mc&uuml;l t\u0259hdid olan, h\u0259l\u0259 d\u0259 s\u0259ngim\u0259y\u0259n bu b\u0259lan\u0131n aradan qald\u0131r\u0131lmas\u0131 y&ouml;n&uuml;nd\u0259 d&uuml;nya birliyi b&ouml;y&uuml;k s\u0259yl\u0259 &ccedil;al\u0131\u015f\u0131r. \u015e&uuml;k&uuml;rl\u0259r olsun ki, d&ouml;vl\u0259timiz t\u0259r\u0259find\u0259n x\u0259st\u0259liyin aradan qald\u0131r\u0131lmas\u0131 &uuml;&ccedil;&uuml;n b&uuml;t&uuml;n laz\u0131m\u0131 t\u0259dbirl\u0259r g&ouml;r&uuml;l&uuml;r, insanlar\u0131m\u0131z diqq\u0259t v\u0259 qay\u011f\u0131 il\u0259 \u0259hat\u0259 olunmu\u015flar. &Ouml;lk\u0259 r\u0259hb\u0259rliyinin qay\u011f\u0131 v\u0259 diqq\u0259tini &ouml;z &uuml;z\u0259rind\u0259 hiss ed\u0259n insanlar\u0131m\u0131z h&ouml;k&uuml;m\u0259tin verdiyi z\u0259ruri q\u0259rarlara h&ouml;rm\u0259t, m\u0259suliyy\u0259t v\u0259 anlay\u0131\u015fla yana\u015f\u0131rlar. Az\u0259rbaycan Respublikas\u0131n\u0131n Prezidenti Zati-alil\u0259ri \u0130lham \u018fliyev c\u0259nablar\u0131n\u0131n, Birinci vitse-prezident Mehriban xan\u0131m \u018fliyevan\u0131n r\u0259hb\u0259rliyi v\u0259 diqq\u0259ti say\u0259sind\u0259 v\u0259t\u0259nda\u015flar\u0131m\u0131z\u0131n sa\u011flaml\u0131\u011f\u0131 &uuml;&ccedil;&uuml;n &ouml;nl\u0259yici t\u0259dbirl\u0259r g&ouml;r&uuml;l&uuml;r, h\u0259m Bak\u0131da, h\u0259m d\u0259 ayr\u0131-ayr\u0131 b&ouml;lg\u0259l\u0259rimizd\u0259 modul tipli x\u0259st\u0259xanalar istifad\u0259y\u0259 verilir. X\u0259st\u0259likl\u0259 m&uuml;bariz\u0259d\u0259 yerli h\u0259kiml\u0259r f\u0259dakarl\u0131q n&uuml;mayi\u015f etdirirl\u0259r, \u0259cn\u0259bi h\u0259kiml\u0259r d\u0259 proses\u0259 c\u0259lb olunur, Nazirl\u0259r Kabineti yan\u0131nda Operativ Q\u0259rargah x\u0259st\u0259liyin miqyas\u0131n\u0131n geni\u015fl\u0259nm\u0259m\u0259si, \u0259halinin sa\u011flaml\u0131\u011f\u0131n\u0131n qorunmas\u0131 m\u0259qs\u0259di il\u0259 laz\u0131m\u0131 t\u0259dbirl\u0259r h\u0259yata ke&ccedil;irir, m&uuml;vafiq t&ouml;vsiy\u0259l\u0259rini verir.<\/p>\n<p>Dini m\u0259rk\u0259z &#8211; Qafqaz M&uuml;s\u0259lmanlar\u0131 \u0130dar\u0259sinin (QM\u0130) &ouml;lk\u0259mizd\u0259 karantin g&uuml;nd\u0259m\u0259 g\u0259l\u0259n ilk g&uuml;nl\u0259rd\u0259n Az\u0259rbaycan Respublikas\u0131 Nazirl\u0259r Kabineti yan\u0131nda Operativ Q\u0259rargah il\u0259 \u0259trafl\u0131 m\u0259sl\u0259h\u0259tl\u0259\u015fm\u0259l\u0259rind\u0259n sonra z\u0259ruri t&ouml;vsiy\u0259l\u0259r n\u0259z\u0259r\u0259 al\u0131naraq, koronavirusa yoluxma hallar\u0131n\u0131n qar\u015f\u0131s\u0131n\u0131n al\u0131nmas\u0131 m\u0259qs\u0259dil\u0259 &ouml;lk\u0259 \u0259razisind\u0259ki b&uuml;t&uuml;n m\u0259scid v\u0259 ziyar\u0259tgahlarda ibad\u0259tl\u0259rin m&uuml;v\u0259qq\u0259ti dayand\u0131r\u0131lmas\u0131na dair q\u0259rar verilmi\u015fdir. Uca Allah\u0131n yaratd\u0131\u011f\u0131 \u0259n m&uuml;q\u0259dd\u0259s d\u0259y\u0259r olan insan h\u0259yat\u0131n\u0131n qorunmas\u0131 m\u0259qs\u0259di il\u0259 bu m\u0259cburi add\u0131m\u0131n at\u0131lmas\u0131nda \u0259sas m\u0259qs\u0259d v\u0259t\u0259nda\u015flar\u0131m\u0131z\u0131n h\u0259yat v\u0259 sa\u011flaml\u0131\u011f\u0131n\u0131n qorunmas\u0131d\u0131r.<\/p>\n<p>Pandemiya d&ouml;vr&uuml;n&uuml;n m\u0259cburi t\u0259crid t\u0259dbirl\u0259ri virus t\u0259hl&uuml;k\u0259sinin qapal\u0131 v\u0259 a&ccedil;\u0131q m\u0259kanlarda insanlar\u0131n s\u0131x topla\u015fd\u0131\u011f\u0131 \u015f\u0259raitd\u0259 artmas\u0131 il\u0259 \u0259laq\u0259dard\u0131r. D&uuml;nyan\u0131n b&uuml;t&uuml;n n&ouml;qt\u0259l\u0259rind\u0259 bu v\u0259 ya dig\u0259r \u015f\u0259kild\u0259 t\u0259cridolunma h\u0259yata ke&ccedil;irildiyi, \u0130slam\u0131n vacib \u015f\u0259rtl\u0259rind\u0259n biri olan m&uuml;q\u0259dd\u0259s H\u0259cc ziyar\u0259tinin, habel\u0259 di\u011f\u0259r dinl\u0259rin m&uuml;q\u0259dd\u0259s ayinl\u0259rinin m&uuml;v\u0259qq\u0259ti dayand\u0131r\u0131lmas\u0131 art\u0131q d&ouml;vr&uuml;m&uuml;z&uuml;n ger&ccedil;\u0259kliyidir. A\u015fura kimi, \u0259n\u0259n\u0259vi olaraq, b&ouml;y&uuml;k k&uuml;tl\u0259viliyi il\u0259 se&ccedil;il\u0259n, sosial m\u0259saf\u0259y\u0259 \u0259m\u0259l olunmas\u0131n\u0131n t\u0259mini qeyri-m&uuml;mk&uuml;n olan m\u0259rasim insanlar\u0131n virusa yoluxma say\u0131n\u0131n artma ehtimal\u0131 bax\u0131m\u0131ndan b&ouml;y&uuml;k t\u0259hl&uuml;k\u0259 yarada bil\u0259r. Bu ger&ccedil;\u0259kliyi n\u0259z\u0259r\u0259 alaraq, Qafqaz M&uuml;s\u0259lmanlar\u0131 \u0130dar\u0259sinin Qaz\u0131lar \u015euras\u0131 v\u0259 s\u0259lahiyy\u0259tli n&uuml;may\u0259nd\u0259l\u0259ri b\u0259yan edir ki, Operativ Q\u0259rargah\u0131n q\u0259rar\u0131na \u0259sas\u0259n bu il M\u0259h\u0259rr\u0259mlik d&ouml;n\u0259mind\u0259 m\u0259scid v\u0259 ziyar\u0259tgahlarda t\u0259ziy\u0259 m\u0259rasiml\u0259ri ke&ccedil;irilm\u0259y\u0259c\u0259kdir. QM\u0130-nin yerl\u0259rd\u0259ki qaz\u0131, s\u0259lahiyy\u0259tli n&uuml;may\u0259nd\u0259 v\u0259 imamlar\u0131 bu t&ouml;vsiy\u0259l\u0259ri dindarlara &ccedil;atd\u0131rmal\u0131d\u0131rlar.<\/p>\n<p>\u0130nsan sa\u011flaml\u0131\u011f\u0131n\u0131n qorunmas\u0131 Uca Allah\u0131n ist\u0259yidir v\u0259 bununla ba\u011fl\u0131 h\u0259r birimizin &uuml;z\u0259rin\u0259 h\u0259m &ouml;z&uuml;m&uuml;z, h\u0259m d\u0259 yax\u0131nlar\u0131m\u0131z\u0131n sa\u011flaml\u0131\u011f\u0131 il\u0259 ba\u011fl\u0131 b&ouml;y&uuml;k m\u0259suliyy\u0259t v\u0259 d&ouml;vl\u0259timizin bu istiqam\u0259td\u0259 t\u0259dbirl\u0259rinin s\u0259m\u0259r\u0259liliyinin t\u0259mini bax\u0131m\u0131ndan ictimai v\u0259zif\u0259 d&uuml;\u015f&uuml;r. QM\u0130 Qaz\u0131lar \u015euras\u0131 v\u0259 s\u0259lahiyy\u0259tli n&uuml;may\u0259nd\u0259l\u0259ri bildirir ki, Uca Allah\u0131n buyurduqlar\u0131na, m&uuml;q\u0259dd\u0259s h\u0259disl\u0259r\u0259 istinad\u0259n &ouml;z&uuml;n&uuml;n, yax\u0131nlar\u0131n\u0131n v\u0259 \u0259traf\u0131ndak\u0131lar\u0131n h\u0259yat v\u0259 sa\u011flaml\u0131\u011f\u0131n\u0131 t\u0259hl&uuml;k\u0259y\u0259 atmamaq h\u0259r bir dindar\u0131n borcudur. \u0130manl\u0131 insan t\u0259kc\u0259 &ouml;z can\u0131n\u0131n deyil, ba\u015fqalar\u0131n\u0131n da can\u0131n\u0131n qorunmas\u0131ndan m\u0259sul, m&uuml;k\u0259ll\u0259fdir. Dinimiz m&uuml;xt\u0259lif x\u0259st\u0259likl\u0259r\u0259 qar\u015f\u0131 &ouml;nl\u0259yici t\u0259dbirl\u0259rin al\u0131nmas\u0131na, x&uuml;susil\u0259 yoluxucu x\u0259st\u0259likl\u0259r\u0259 qar\u015f\u0131 son d\u0259r\u0259c\u0259 diqq\u0259tli olma\u011fa &ccedil;a\u011f\u0131r\u0131r. H\u0259r bir insan bel\u0259 bir t\u0259hl&uuml;k\u0259d\u0259n &ouml;z&uuml;n&uuml; g&ouml;zl\u0259m\u0259lidir. Bir yerd\u0259 yoluxucu x\u0259st\u0259lik oldu\u011funu bil\u0259-bil\u0259 oraya getm\u0259k insan\u0131n &ouml;z&uuml;n&uuml; t\u0259hl&uuml;k\u0259y\u0259 atmas\u0131 dem\u0259kdir. Dem\u0259li, bel\u0259 bir x\u0259st\u0259lik ehtimal\u0131 olan yerl\u0259rd\u0259n uzaq durmaq laz\u0131md\u0131r. Yoluxucu x\u0259st\u0259lik olan v\u0259ba haqq\u0131nda Hz. Pey\u011f\u0259mb\u0259r bel\u0259 buyurmu\u015fdur: &quot;V\u0259ban\u0131n ortaya &ccedil;\u0131xd\u0131\u011f\u0131n\u0131 e\u015fitdiyiniz bir yer\u0259 getm\u0259yin. \u018fg\u0259r oldu\u011funuz yerd\u0259 v\u0259ba g&ouml;r&uuml;l\u0259rs\u0259, siz d\u0259 oradan k\u0259nara &ccedil;\u0131xmay\u0131n&quot;. Yoluxucu x\u0259st\u0259likl\u0259rin geni\u015f yay\u0131ld\u0131\u011f\u0131 \u015f\u0259raitd\u0259 ya\u015fayan insanlar bu m&ouml;vzuda ay\u0131q olmal\u0131, he&ccedil; bir v\u0259chl\u0259 &ouml;z h\u0259yat\u0131n\u0131 t\u0259hl&uuml;k\u0259y\u0259 atmamal\u0131d\u0131r. &Ccedil;&uuml;nki, h\u0259m g&uuml;nd\u0259lik h\u0259yat\u0131m\u0131zdan, h\u0259m d\u0259 tarixd\u0259n m\u0259lum oldu\u011fu kimi yoluxucu x\u0259st\u0259likl\u0259r m\u0259hz insanlar\u0131n etinas\u0131zl\u0131\u011f\u0131 ucbat\u0131ndan s&uuml;r\u0259tl\u0259 yay\u0131lm\u0131\u015f v\u0259 b\u0259\u015f\u0259riyy\u0259tin b\u0259las\u0131na &ccedil;evrilmi\u015fdir. He&ccedil; bir m&uuml;s\u0259lman\u0131n &ouml;z&uuml;n&uuml; t\u0259hl&uuml;k\u0259y\u0259 atma\u011fa ixtiyar\u0131 yoxdur. &Ccedil;&uuml;nki bizi yaradan Allah bu can\u0131 biz\u0259 \u0259man\u0259t olaraq vermi\u015fdir v\u0259 \u0259man\u0259ti sahibin\u0259 qaytarana q\u0259d\u0259r onu qorumaq h\u0259r birimizin borcudur. El\u0259 is\u0259 bu \u0259man\u0259ti qoruyaq v\u0259 &ouml;z&uuml;m&uuml;z&uuml; t\u0259hl&uuml;k\u0259y\u0259 m\u0259ruz qoymayaq. Qurani-K\u0259rimd\u0259 buyuruldu\u011fu kimi: &ldquo;&Ouml;z \u0259linizl\u0259 &ouml;z&uuml;n&uuml;z&uuml; t\u0259hl&uuml;k\u0259y\u0259 atmay\u0131n&rdquo; (B\u0259q\u0259r\u0259, 195).<\/p>\n<p>D&ouml;vl\u0259timiz t\u0259r\u0259find\u0259n g&ouml;r&uuml;l\u0259n z\u0259ruri t\u0259dbirl\u0259r\u0259 b&ouml;y&uuml;k &ouml;n\u0259m v\u0259 d\u0259y\u0259r ver\u0259n biz, din xadiml\u0259ri h\u0259r zaman oldu\u011fu kimi, d&ouml;vl\u0259timizin yan\u0131nday\u0131q v\u0259 onun xalq\u0131m\u0131z\u0131n rifah v\u0259 t\u0259r\u0259qqisi namin\u0259 s\u0259yl\u0259rini d\u0259st\u0259kl\u0259yir, f\u0259aliyy\u0259tin\u0259 r\u0259vac dil\u0259yirik. &Ouml;z n&ouml;vb\u0259mizd\u0259, pandemiyaya dair h&ouml;k&uuml;m\u0259timiz t\u0259r\u0259find\u0259n m&uuml;\u0259yy\u0259n edilmi\u015f b&uuml;t&uuml;n z\u0259ruri qaydalara \u0259m\u0259l etm\u0259li, verilmi\u015f t&ouml;vsiy\u0259l\u0259ri h\u0259r k\u0259s\u0259 t\u0259lqin etm\u0259li, x\u0259st\u0259lik t\u0259hl&uuml;k\u0259sinin qar\u015f\u0131s\u0131n\u0131n al\u0131nmas\u0131, tezlikl\u0259 sovu\u015fmas\u0131 &uuml;&ccedil;&uuml;n \u0259limizd\u0259n g\u0259l\u0259ni \u0259sirg\u0259m\u0259m\u0259liyik. &Uuml;midvar\u0131q v\u0259 dualar edirik ki, Allah\u0131n izni il\u0259 bu &ccedil;\u0259tin g&uuml;nl\u0259r ke&ccedil;\u0259c\u0259k, xalq\u0131m\u0131z yenid\u0259n m\u0259scidl\u0259rd\u0259 ibad\u0259t etm\u0259k, dini ayin v\u0259 m\u0259rasiml\u0259rini k&uuml;tl\u0259vi \u015f\u0259kild\u0259 yerin\u0259 yetirm\u0259k l&uuml;tf&uuml;n\u0259 qovu\u015facaqd\u0131r, in\u015fallah!<\/p>\n<p>V\u0259t\u0259nimiz v\u0259 mill\u0259timizin rifah\u0131 &uuml;&ccedil;&uuml;n Allaha dualar etm\u0259k h\u0259r zaman h\u0259r birimizin m\u0259n\u0259vi borcudur. M\u0259h\u0259rr\u0259mlik d&ouml;n\u0259mind\u0259 d\u0259 b&uuml;t&uuml;n ibad\u0259t v\u0259 dualar\u0131m\u0131zda K\u0259rb\u0259la \u015f\u0259hidl\u0259ri il\u0259 yana\u015f\u0131 Qaraba\u011f, Xocal\u0131 \u015f\u0259hidl\u0259rinin, suverenliyimiz, \u0259razi b&uuml;t&ouml;vl&uuml;y&uuml;m&uuml;z u\u011frunda canlar\u0131ndan ke&ccedil;\u0259n b&uuml;t&uuml;n V\u0259t\u0259n &ouml;vladlar\u0131n\u0131n \u0259ziz xatir\u0259sini yad edir, Ali Ba\u015f Komandan\u0131n r\u0259hb\u0259rliyi il\u0259 torpaqlar\u0131m\u0131z\u0131n i\u015f\u011faldan tezlikl\u0259 azad olunmas\u0131n\u0131 dil\u0259yirik. V\u0259t\u0259ni sevm\u0259k imandand\u0131r. Allah do\u011fma torpa\u011f\u0131m\u0131z u\u011frunda canlar\u0131n\u0131 f\u0259da etmi\u015f, Pey\u011f\u0259mb\u0259r M\u0259h\u0259mm\u0259d Salavatullah\u0131n m&uuml;bar\u0259k h\u0259disind\u0259 buyuruldu\u011fu kimi, Allah yan\u0131nda iman\u0131n, m\u0259n\u0259viyyat\u0131n \u0259n y&uuml;ks\u0259k m\u0259qam\u0131na y&uuml;ks\u0259lmi\u015f b&uuml;t&uuml;n V\u0259t\u0259n &ouml;vladlar\u0131na r\u0259hm\u0259t el\u0259sin! Allah tezlikl\u0259 Qaraba\u011f\u0131m\u0131z\u0131n i\u015f\u011faldan azad olmas\u0131n\u0131, V\u0259t\u0259n torpa\u011f\u0131n\u0131n b&uuml;t&ouml;vl&uuml;y&uuml;n&uuml;n b\u0259rpas\u0131n\u0131 bizl\u0259r\u0259 n\u0259sib etsin, in\u015fallah!<\/p>\n<p>M\u0259h\u0259rr\u0259mlik d&ouml;vr&uuml;nd\u0259 t\u0259ziy\u0259 ehsan\u0131 olaraq imkans\u0131z ail\u0259l\u0259r\u0259, maddi s\u0131x\u0131nt\u0131 &ccedil;\u0259k\u0259n insanlara \u0259rzaq v\u0259 ya h\u0259r hans\u0131 sovqat\u0131n &ccedil;atd\u0131r\u0131lmas\u0131 Allaha xo\u015f ged\u0259n b\u0259y\u0259nil\u0259n \u0259m\u0259ldir. H\u0259m&ccedil;inin, son ill\u0259r M\u0259h\u0259rr\u0259mlik d&ouml;n\u0259mind\u0259 Qafqaz M&uuml;s\u0259lmanlar\u0131 \u0130dar\u0259sinin t\u0259\u015f\u0259bb&uuml;s&uuml; il\u0259 ger&ccedil;\u0259kl\u0259\u015f\u0259n v\u0259 xalq\u0131m\u0131z t\u0259r\u0259find\u0259n t\u0259qdir edil\u0259n tibbi ehtiyaclar &uuml;&ccedil;&uuml;n K\u0259rb\u0259la \u015f\u0259hidl\u0259rinin xatir\u0259sin\u0259 qan verilm\u0259si \u0259n m&uuml;nasib \u0259zadarl\u0131q n&uuml;mun\u0259sidir. &Uuml;midvar\u0131q ki, in\u015fallah, dindarlar\u0131m\u0131z bu il d\u0259 humanist \u0259n\u0259n\u0259ni davam etdir\u0259r\u0259k, pandemiya s\u0259b\u0259bind\u0259n m\u0259scidl\u0259rd\u0259 deyil, &ouml;lk\u0259mizin Qan bank\u0131n\u0131n paytaxtda v\u0259 b&ouml;lg\u0259l\u0259rd\u0259ki filiallar\u0131nda ehsan niyy\u0259ti il\u0259 qan ver\u0259c\u0259kl\u0259r. H\u0259min m\u0259kanlar\u0131n &uuml;nvanlar\u0131 Qafqaz M&uuml;s\u0259lmanlar\u0131 \u0130dar\u0259sinin r\u0259smi veb s\u0259hif\u0259sind\u0259 (www.qafqazislam.com) yerl\u0259\u015fdirilmi\u015fdir&quot;.<\/p>\n<p>Uca Allah xalq\u0131m\u0131z\u0131, d&ouml;vl\u0259timizi hifz etsin v\u0259 m&ouml;ht\u0259r\u0259m d&ouml;vl\u0259t r\u0259hb\u0259rimizin Az\u0259rbaycan namin\u0259 f\u0259aliyy\u0259tin\u0259 r\u0259vac versin! Amin!<br \/>\nV\u0259s-s\u0259lamu \u0259leykum v\u0259 r\u0259hm\u0259tullahi v\u0259 b\u0259r\u0259katuhu!<\/p>\n","protected":false},"excerpt":{"rendered":"<p>Qafqaz M&uuml;s\u0259lmanlar\u0131 \u0130dar\u0259si Qaz\u0131lar \u015euras\u0131 M\u0259h\u0259rr\u0259mlik ay\u0131 il\u0259 ba\u011fl\u0131 m&uuml;raci\u0259t edib. QM\u0130-d\u0259n Ucnoqta.az-a veril\u0259n m\u0259lumata g&ouml;r\u0259, m&uuml;raci\u0259td\u0259 deyilir: &quot;Bismillahir-r\u0259hmanir-r\u0259him! M&ouml;ht\u0259r\u0259m m&ouml;min qarda\u015f v\u0259 bac\u0131lar\u0131m\u0131z! Qafqaz M&uuml;s\u0259lmanlar\u0131 \u0130dar\u0259sinin Qaz\u0131lar \u015euras\u0131 v\u0259&hellip;<\/p>\n","protected":false},"author":1,"featured_media":251278,"comment_status":"open","ping_status":"open","sticky":false,"template":"","format":"standard","meta":{"_lmt_disableupdate":"","_lmt_disable":"","footnotes":""},"categories":[],"tags":[],"class_list":["post-102507","post","type-post","status-publish","format-standard","has-post-thumbnail","hentry"],"_links":{"self":[{"href":"https:\/\/ucnoqta.az\/index.php?rest_route=\/wp\/v2\/posts\/102507","targetHints":{"allow":["GET"]}}],"collection":[{"href":"https:\/\/ucnoqta.az\/index.php?rest_route=\/wp\/v2\/posts"}],"about":[{"href":"https:\/\/ucnoqta.az\/index.php?rest_route=\/wp\/v2\/types\/post"}],"author":[{"embeddable":true,"href":"https:\/\/ucnoqta.az\/index.php?rest_route=\/wp\/v2\/users\/1"}],"replies":[{"embeddable":true,"href":"https:\/\/ucnoqta.az\/index.php?rest_route=%2Fwp%2Fv2%2Fcomments&post=102507"}],"version-history":[{"count":0,"href":"https:\/\/ucnoqta.az\/index.php?rest_route=\/wp\/v2\/posts\/102507\/revisions"}],"wp:featuredmedia":[{"embeddable":true,"href":"https:\/\/ucnoqta.az\/index.php?rest_route=\/wp\/v2\/media\/251278"}],"wp:attachment":[{"href":"https:\/\/ucnoqta.az\/index.php?rest_route=%2Fwp%2Fv2%2Fmedia&parent=102507"}],"wp:term":[{"taxonomy":"category","embeddable":true,"href":"https:\/\/ucnoqta.az\/index.php?rest_route=%2Fwp%2Fv2%2Fcategories&post=102507"},{"taxonomy":"post_tag","embeddable":true,"href":"https:\/\/ucnoqta.az\/index.php?rest_route=%2Fwp%2Fv2%2Ftags&post=102507"}],"curies":[{"name":"wp","href":"https:\/\/api.w.org\/{rel}","templated":true}]}}