{"id":102506,"date":"2020-08-20T12:23:45","date_gmt":"2020-08-20T08:23:45","guid":{"rendered":""},"modified":"-0001-11-30T00:00:00","modified_gmt":"-0001-11-29T20:00:00","slug":"","status":"publish","type":"post","link":"https:\/\/ucnoqta.az\/?p=102506","title":{"rendered":"Az\u0259rbaycanla Qazax\u0131stan beyn\u0259lxalq axtar\u0131\u015fda olan \u015f\u0259xsl\u0259ri qar\u015f\u0131l\u0131ql\u0131 ekstradisiya edibl\u0259r"},"content":{"rendered":"<p><strong>Az\u0259rbaycan Respublikas\u0131 Ba\u015f Prokurorlu\u011fu t\u0259r\u0259find\u0259n milli qanunvericiliyin v\u0259 t\u0259r\u0259fdar &ccedil;\u0131xd\u0131\u011f\u0131m\u0131z beyn\u0259lxalq m&uuml;qavil\u0259l\u0259rin, o c&uuml;ml\u0259d\u0259n &ldquo;M&uuml;lki, ail\u0259 v\u0259 cinay\u0259t i\u015fl\u0259ri &uuml;zr\u0259 h&uuml;quqi yard\u0131m v\u0259 h&uuml;quqi m&uuml;nasib\u0259tl\u0259r haqq\u0131nda&rdquo; Ki\u015finyov Konvensiyas\u0131n\u0131n t\u0259l\u0259bl\u0259rin\u0259 \u0259sas\u0259n Qazax\u0131stan Respublikas\u0131n\u0131n Ba\u015f Prokurorlu\u011fu il\u0259 ikit\u0259r\u0259fli m&uuml;nasib\u0259tl\u0259r &ccedil;\u0259r&ccedil;iv\u0259sind\u0259 &ouml;lk\u0259miz v\u0259 Qazax\u0131stan \u0259razisind\u0259 cinay\u0259t t&ouml;r\u0259tmi\u015f \u015f\u0259xsl\u0259rin cinay\u0259t m\u0259suliyy\u0259tin\u0259 c\u0259lb edilm\u0259sind\u0259n &ouml;tr&uuml; ekstradisiya edilm\u0259l\u0259ri bar\u0259d\u0259 qar\u015f\u0131l\u0131ql\u0131 sor\u011fular edilmi\u015fdir.<\/strong><\/p>\n<p>Ba\u015f Prokurorluqdan Ucnoqta.az-a veril\u0259n m\u0259lumata g&ouml;r\u0259, ki, \u018fflatun Quliyevin &ndash; t\u0259krar\u0259n tamah niyy\u0259til\u0259 tan\u0131\u015f\u0131 Elnur Tal\u0131bov il\u0259 qabaqcadan \u0259lbir olan bir qrup \u015f\u0259xs hal\u0131nda raz\u0131l\u0131\u011fa g\u0259l\u0259r\u0259k Af\u0259t Qas\u0131movaya xeyli miqdarda maddi ziyan vurmaqla &ouml;zg\u0259 \u0259mlak\u0131n\u0131 gizli talamas\u0131na; Emin Qara\u015fovun &ndash; &ouml;zg\u0259 \u0259mlak\u0131n\u0131 q\u0259sd\u0259n m\u0259hv etm\u0259sin\u0259 v\u0259 bununla da z\u0259r\u0259r&ccedil;\u0259kmi\u015f \u015f\u0259xsl\u0259r\u0259 xeyli miqdarda ziyan vurmas\u0131na \u0259sasl\u0131 \u015f&uuml;bh\u0259l\u0259r m&uuml;\u0259yy\u0259n edildiyin\u0259 g&ouml;r\u0259 qeyd edil\u0259n \u015f\u0259xsl\u0259r t\u0259qsirl\u0259ndiril\u0259n \u015f\u0259xs qismind\u0259 c\u0259lb edilm\u0259kl\u0259 bar\u0259l\u0259rind\u0259 beyn\u0259lxalq axtar\u0131\u015f elan edilmi\u015fdir.<\/p>\n<p>Axtar\u0131\u015fda olan \u015f\u0259xsl\u0259rin yerl\u0259rinin m&uuml;\u0259yy\u0259n edilm\u0259si \u0259sas\u0131 il\u0259 Az\u0259rbaycan Respublikas\u0131n\u0131n Ba\u015f Prokurorlu\u011funun Qazax\u0131stan Respublikas\u0131n\u0131n Ba\u015f Prokurorlu\u011fu il\u0259 qar\u015f\u0131l\u0131ql\u0131 sor\u011fular\u0131 t\u0259min edilm\u0259kl\u0259 \u018fflatun Quliyev Az\u0259rbaycan Respublikas\u0131na, Emin Qara\u015fov is\u0259 Qazax\u0131stan Respublikas\u0131na &ouml;lk\u0259mizin Daxili \u0130\u015fl\u0259r Nazirliyinin x&uuml;susi konvoyunun m&uuml;\u015fayi\u0259ti il\u0259 ekstradisiya edilmi\u015fdir.<\/p>\n","protected":false},"excerpt":{"rendered":"<p>Az\u0259rbaycan Respublikas\u0131 Ba\u015f Prokurorlu\u011fu t\u0259r\u0259find\u0259n milli qanunvericiliyin v\u0259 t\u0259r\u0259fdar &ccedil;\u0131xd\u0131\u011f\u0131m\u0131z beyn\u0259lxalq m&uuml;qavil\u0259l\u0259rin, o c&uuml;ml\u0259d\u0259n &ldquo;M&uuml;lki, ail\u0259 v\u0259 cinay\u0259t i\u015fl\u0259ri &uuml;zr\u0259 h&uuml;quqi yard\u0131m v\u0259 h&uuml;quqi m&uuml;nasib\u0259tl\u0259r haqq\u0131nda&rdquo; Ki\u015finyov Konvensiyas\u0131n\u0131n t\u0259l\u0259bl\u0259rin\u0259 \u0259sas\u0259n&hellip;<\/p>\n","protected":false},"author":1,"featured_media":251278,"comment_status":"open","ping_status":"open","sticky":false,"template":"","format":"standard","meta":{"_lmt_disableupdate":"","_lmt_disable":"","footnotes":""},"categories":[],"tags":[],"class_list":["post-102506","post","type-post","status-publish","format-standard","has-post-thumbnail","hentry"],"_links":{"self":[{"href":"https:\/\/ucnoqta.az\/index.php?rest_route=\/wp\/v2\/posts\/102506","targetHints":{"allow":["GET"]}}],"collection":[{"href":"https:\/\/ucnoqta.az\/index.php?rest_route=\/wp\/v2\/posts"}],"about":[{"href":"https:\/\/ucnoqta.az\/index.php?rest_route=\/wp\/v2\/types\/post"}],"author":[{"embeddable":true,"href":"https:\/\/ucnoqta.az\/index.php?rest_route=\/wp\/v2\/users\/1"}],"replies":[{"embeddable":true,"href":"https:\/\/ucnoqta.az\/index.php?rest_route=%2Fwp%2Fv2%2Fcomments&post=102506"}],"version-history":[{"count":0,"href":"https:\/\/ucnoqta.az\/index.php?rest_route=\/wp\/v2\/posts\/102506\/revisions"}],"wp:featuredmedia":[{"embeddable":true,"href":"https:\/\/ucnoqta.az\/index.php?rest_route=\/wp\/v2\/media\/251278"}],"wp:attachment":[{"href":"https:\/\/ucnoqta.az\/index.php?rest_route=%2Fwp%2Fv2%2Fmedia&parent=102506"}],"wp:term":[{"taxonomy":"category","embeddable":true,"href":"https:\/\/ucnoqta.az\/index.php?rest_route=%2Fwp%2Fv2%2Fcategories&post=102506"},{"taxonomy":"post_tag","embeddable":true,"href":"https:\/\/ucnoqta.az\/index.php?rest_route=%2Fwp%2Fv2%2Ftags&post=102506"}],"curies":[{"name":"wp","href":"https:\/\/api.w.org\/{rel}","templated":true}]}}