{"id":102505,"date":"2020-08-20T12:21:00","date_gmt":"2020-08-20T08:21:00","guid":{"rendered":""},"modified":"-0001-11-30T00:00:00","modified_gmt":"-0001-11-29T20:00:00","slug":"","status":"publish","type":"post","link":"https:\/\/ucnoqta.az\/?p=102505","title":{"rendered":"Prezident A\u011fsu v\u0259 \u015eamax\u0131n\u0131n h\u0259r birin\u0259 3 milyon manatt ay\u0131r\u0131b &#8211; <font color=red><b>S\u0259r\u0259ncam<\/b><\/font>"},"content":{"rendered":"<p><strong>Prezident \u0130lham \u018fliyev A\u011fsu v\u0259 \u015eamax\u0131 rayonlar\u0131nda ba\u015f vermi\u015f t\u0259bii f\u0259lak\u0259tin n\u0259tic\u0259l\u0259rinin aradan qald\u0131r\u0131lmas\u0131 i\u015fl\u0259rinin davam etdirilm\u0259si il\u0259 ba\u011fl\u0131 \u0259lav\u0259 t\u0259dbirl\u0259r haqq\u0131nda s\u0259r\u0259ncam imzalay\u0131b.<\/strong><\/p>\n<p>S\u0259r\u0259ncamda qeyd edilir ki, z\u0259lz\u0259l\u0259l\u0259r n\u0259tic\u0259sind\u0259 A\u011fsu v\u0259 \u015eamax\u0131 rayonlar\u0131nda ya\u015fay\u0131\u015f evl\u0259rin\u0259 d\u0259ymi\u015f ziyan\u0131n aradan qald\u0131r\u0131lmas\u0131 i\u015fl\u0259rinin davam etdirilm\u0259si m\u0259qs\u0259dil\u0259 h\u0259min evl\u0259rin t\u0259miri &uuml;&ccedil;&uuml;n Az\u0259rbaycan Respublikas\u0131n\u0131n 2020-ci il d&ouml;vl\u0259t b&uuml;dc\u0259sind\u0259 n\u0259z\u0259rd\u0259 tutulmu\u015f Az\u0259rbaycan Respublikas\u0131 Prezidentinin ehtiyat fondundan A\u011fsu v\u0259 \u015eamax\u0131 rayon icra hakimiyy\u0259tl\u0259rinin h\u0259r birin\u0259 3 milyon manat ayr\u0131ls\u0131n.<\/p>\n<p>Maliyy\u0259 Nazirliyin\u0259 tap\u015f\u0131r\u0131l\u0131r ki, bu S\u0259r\u0259ncam\u0131n 1-ci hiss\u0259sind\u0259 g&ouml;st\u0259ril\u0259n m\u0259bl\u0259\u011fd\u0259 maliyy\u0259l\u0259\u015fm\u0259ni t\u0259min etsin.<\/p>\n<p>Nazirl\u0259r Kabineti bu S\u0259r\u0259ncamdan ir\u0259li g\u0259l\u0259n m\u0259s\u0259l\u0259l\u0259ri h\u0259ll ed\u0259c\u0259k.<\/p>\n","protected":false},"excerpt":{"rendered":"<p>Prezident \u0130lham \u018fliyev A\u011fsu v\u0259 \u015eamax\u0131 rayonlar\u0131nda ba\u015f vermi\u015f t\u0259bii f\u0259lak\u0259tin n\u0259tic\u0259l\u0259rinin aradan qald\u0131r\u0131lmas\u0131 i\u015fl\u0259rinin davam etdirilm\u0259si il\u0259 ba\u011fl\u0131 \u0259lav\u0259 t\u0259dbirl\u0259r haqq\u0131nda s\u0259r\u0259ncam imzalay\u0131b. S\u0259r\u0259ncamda qeyd edilir ki, z\u0259lz\u0259l\u0259l\u0259r n\u0259tic\u0259sind\u0259&hellip;<\/p>\n","protected":false},"author":1,"featured_media":251278,"comment_status":"open","ping_status":"open","sticky":false,"template":"","format":"standard","meta":{"_lmt_disableupdate":"","_lmt_disable":"","footnotes":""},"categories":[],"tags":[],"class_list":["post-102505","post","type-post","status-publish","format-standard","has-post-thumbnail","hentry"],"_links":{"self":[{"href":"https:\/\/ucnoqta.az\/index.php?rest_route=\/wp\/v2\/posts\/102505","targetHints":{"allow":["GET"]}}],"collection":[{"href":"https:\/\/ucnoqta.az\/index.php?rest_route=\/wp\/v2\/posts"}],"about":[{"href":"https:\/\/ucnoqta.az\/index.php?rest_route=\/wp\/v2\/types\/post"}],"author":[{"embeddable":true,"href":"https:\/\/ucnoqta.az\/index.php?rest_route=\/wp\/v2\/users\/1"}],"replies":[{"embeddable":true,"href":"https:\/\/ucnoqta.az\/index.php?rest_route=%2Fwp%2Fv2%2Fcomments&post=102505"}],"version-history":[{"count":0,"href":"https:\/\/ucnoqta.az\/index.php?rest_route=\/wp\/v2\/posts\/102505\/revisions"}],"wp:featuredmedia":[{"embeddable":true,"href":"https:\/\/ucnoqta.az\/index.php?rest_route=\/wp\/v2\/media\/251278"}],"wp:attachment":[{"href":"https:\/\/ucnoqta.az\/index.php?rest_route=%2Fwp%2Fv2%2Fmedia&parent=102505"}],"wp:term":[{"taxonomy":"category","embeddable":true,"href":"https:\/\/ucnoqta.az\/index.php?rest_route=%2Fwp%2Fv2%2Fcategories&post=102505"},{"taxonomy":"post_tag","embeddable":true,"href":"https:\/\/ucnoqta.az\/index.php?rest_route=%2Fwp%2Fv2%2Ftags&post=102505"}],"curies":[{"name":"wp","href":"https:\/\/api.w.org\/{rel}","templated":true}]}}