{"id":102495,"date":"2020-08-20T10:24:25","date_gmt":"2020-08-20T06:24:25","guid":{"rendered":""},"modified":"-0001-11-30T00:00:00","modified_gmt":"-0001-11-29T20:00:00","slug":"","status":"publish","type":"post","link":"https:\/\/ucnoqta.az\/?p=102495","title":{"rendered":"Astarada x\u0131nayaxd\u0131 ke\u00e7irm\u0259k ist\u0259y\u0259n qudalar m\u0259hk\u0259m\u0259y\u0259 verildi"},"content":{"rendered":"<p><strong>Nazirl\u0259r Kabineti yan\u0131nda Operativ Q\u0259rargah t\u0259r\u0259find\u0259n q\u0259bul edil\u0259n x&uuml;susi karantin rejiminin qaydalar\u0131n\u0131n t\u0259min olunmas\u0131 istiqam\u0259tind\u0259 polis \u0259m\u0259kda\u015flar\u0131 t\u0259dbirl\u0259ri davam etdirir.<\/strong><\/p>\n<p>D\u0130N M\u0259tbuat Xidm\u0259tinin L\u0259nk\u0259ran regional qrupundan&nbsp;veril\u0259n m\u0259lumata g&ouml;r\u0259, Astara Rayon Polis \u015e&ouml;b\u0259sin\u0259 rayonun \u015eaha\u011fac\u0131 k\u0259ndind\u0259 ya\u015fayan \u0130.Nuriyevin karantin rejiminin qaydalar\u0131n\u0131 pozaraq gizli \u015f\u0259kild\u0259 q\u0131z\u0131na x\u0131nayaxd\u0131 m\u0259rasimi ke&ccedil;irm\u0259si bar\u0259d\u0259 m\u0259lumat daxil olub. Polis \u0259m\u0259kda\u015flar\u0131 d\u0259rhal s&ouml;z&uuml;ged\u0259n &uuml;nvana g\u0259libl\u0259r v\u0259 40 n\u0259f\u0259rlik m\u0259clisin ke&ccedil;irilm\u0259sinin qar\u015f\u0131s\u0131 al\u0131n\u0131b.<\/p>\n<p>H\u0259min \u015f\u0259xsl\u0259rl\u0259 profilaktik s&ouml;hb\u0259tl\u0259r apar\u0131laraq karantin rejiminin qaydalar\u0131 izah olunub. M\u0259clisd\u0259 i\u015ftirak ed\u0259n bir ne&ccedil;\u0259 n\u0259f\u0259r \u015f\u0259xs bar\u0259sind\u0259 \u0130nzibati X\u0259talar M\u0259c\u0259ll\u0259sinin m&uuml;vafiq madd\u0259si il\u0259 protokol t\u0259rtib edil\u0259r\u0259k c\u0259rim\u0259 olunublar.<\/p>\n<p>M\u0259clisin t\u0259\u015fkilat&ccedil;\u0131s\u0131 olan \u0130.Nuriyev v\u0259 onun qudas\u0131 L\u0259nk\u0259ran sakini M.Allahverdiyev bar\u0259sind\u0259 toplanm\u0131\u015f materiallar bax\u0131lmas\u0131 &uuml;&ccedil;&uuml;n Rayon M\u0259hk\u0259m\u0259sin\u0259 g&ouml;nd\u0259rilib.<\/p>\n","protected":false},"excerpt":{"rendered":"<p>Nazirl\u0259r Kabineti yan\u0131nda Operativ Q\u0259rargah t\u0259r\u0259find\u0259n q\u0259bul edil\u0259n x&uuml;susi karantin rejiminin qaydalar\u0131n\u0131n t\u0259min olunmas\u0131 istiqam\u0259tind\u0259 polis \u0259m\u0259kda\u015flar\u0131 t\u0259dbirl\u0259ri davam etdirir. D\u0130N M\u0259tbuat Xidm\u0259tinin L\u0259nk\u0259ran regional qrupundan&nbsp;veril\u0259n m\u0259lumata g&ouml;r\u0259, Astara Rayon&hellip;<\/p>\n","protected":false},"author":1,"featured_media":251278,"comment_status":"open","ping_status":"open","sticky":false,"template":"","format":"standard","meta":{"_lmt_disableupdate":"","_lmt_disable":"","footnotes":""},"categories":[],"tags":[],"class_list":["post-102495","post","type-post","status-publish","format-standard","has-post-thumbnail","hentry"],"_links":{"self":[{"href":"https:\/\/ucnoqta.az\/index.php?rest_route=\/wp\/v2\/posts\/102495","targetHints":{"allow":["GET"]}}],"collection":[{"href":"https:\/\/ucnoqta.az\/index.php?rest_route=\/wp\/v2\/posts"}],"about":[{"href":"https:\/\/ucnoqta.az\/index.php?rest_route=\/wp\/v2\/types\/post"}],"author":[{"embeddable":true,"href":"https:\/\/ucnoqta.az\/index.php?rest_route=\/wp\/v2\/users\/1"}],"replies":[{"embeddable":true,"href":"https:\/\/ucnoqta.az\/index.php?rest_route=%2Fwp%2Fv2%2Fcomments&post=102495"}],"version-history":[{"count":0,"href":"https:\/\/ucnoqta.az\/index.php?rest_route=\/wp\/v2\/posts\/102495\/revisions"}],"wp:featuredmedia":[{"embeddable":true,"href":"https:\/\/ucnoqta.az\/index.php?rest_route=\/wp\/v2\/media\/251278"}],"wp:attachment":[{"href":"https:\/\/ucnoqta.az\/index.php?rest_route=%2Fwp%2Fv2%2Fmedia&parent=102495"}],"wp:term":[{"taxonomy":"category","embeddable":true,"href":"https:\/\/ucnoqta.az\/index.php?rest_route=%2Fwp%2Fv2%2Fcategories&post=102495"},{"taxonomy":"post_tag","embeddable":true,"href":"https:\/\/ucnoqta.az\/index.php?rest_route=%2Fwp%2Fv2%2Ftags&post=102495"}],"curies":[{"name":"wp","href":"https:\/\/api.w.org\/{rel}","templated":true}]}}