{"id":102485,"date":"2020-08-19T23:56:00","date_gmt":"2020-08-19T19:56:00","guid":{"rendered":""},"modified":"-0001-11-30T00:00:00","modified_gmt":"-0001-11-29T20:00:00","slug":"","status":"publish","type":"post","link":"https:\/\/ucnoqta.az\/?p=102485","title":{"rendered":"&#8220;Qaraba\u011f&#8221;\u0131n r\u0259qibi b\u0259lli oldu"},"content":{"rendered":"<p><strong>Bu g&uuml;n UEFA &Ccedil;empionlar Liqas\u0131nda I t\u0259snifat m\u0259rh\u0259l\u0259sinin dig\u0259r oyunlar\u0131 ke&ccedil;irilib.<\/strong><\/p>\n<p>D&uuml;n\u0259n I t\u0259snifat m\u0259rh\u0259l\u0259sind\u0259 \u015eimali Makedoniyan\u0131n&nbsp;&quot;Sileks&quot;&nbsp;klubunu 4-0 hesabl\u0131 q\u0259l\u0259b\u0259 il\u0259 m&uuml;bariz\u0259d\u0259n k\u0259narla\u015fd\u0131ran&nbsp;&quot;Qaraba\u011f&quot;\u0131n n&ouml;vb\u0259ti m\u0259rh\u0259l\u0259d\u0259ki r\u0259qibi bilinib.<\/p>\n<p>L&uuml;ksemburqun&nbsp;&quot;Fola E\u015f&quot;&nbsp;klubu il\u0259 qar\u015f\u0131la\u015fan Moldova&nbsp;&quot;\u015eerif&quot;i&nbsp; 2:0 hesab\u0131 il\u0259 qalib g\u0259l\u0259r\u0259k A\u011fdam t\u0259msil&ccedil;isin\u0259 r\u0259qib olub.<\/p>\n<p>Qeyd ed\u0259k ki, bu &quot;Qaraba\u011f&quot;\u0131n &quot;\u015eerif&quot;l\u0259 avrokuboklarda 3-c&uuml; dueli olacaq.\/\/\/Offsideplus.az<\/p>\n","protected":false},"excerpt":{"rendered":"<p>Bu g&uuml;n UEFA &Ccedil;empionlar Liqas\u0131nda I t\u0259snifat m\u0259rh\u0259l\u0259sinin dig\u0259r oyunlar\u0131 ke&ccedil;irilib. D&uuml;n\u0259n I t\u0259snifat m\u0259rh\u0259l\u0259sind\u0259 \u015eimali Makedoniyan\u0131n&nbsp;&quot;Sileks&quot;&nbsp;klubunu 4-0 hesabl\u0131 q\u0259l\u0259b\u0259 il\u0259 m&uuml;bariz\u0259d\u0259n k\u0259narla\u015fd\u0131ran&nbsp;&quot;Qaraba\u011f&quot;\u0131n n&ouml;vb\u0259ti m\u0259rh\u0259l\u0259d\u0259ki r\u0259qibi bilinib. L&uuml;ksemburqun&nbsp;&quot;Fola E\u015f&quot;&nbsp;klubu il\u0259&hellip;<\/p>\n","protected":false},"author":1,"featured_media":251278,"comment_status":"open","ping_status":"open","sticky":false,"template":"","format":"standard","meta":{"_lmt_disableupdate":"","_lmt_disable":"","footnotes":""},"categories":[90],"tags":[],"class_list":["post-102485","post","type-post","status-publish","format-standard","has-post-thumbnail","hentry","category-idman-butun-xeberler"],"_links":{"self":[{"href":"https:\/\/ucnoqta.az\/index.php?rest_route=\/wp\/v2\/posts\/102485","targetHints":{"allow":["GET"]}}],"collection":[{"href":"https:\/\/ucnoqta.az\/index.php?rest_route=\/wp\/v2\/posts"}],"about":[{"href":"https:\/\/ucnoqta.az\/index.php?rest_route=\/wp\/v2\/types\/post"}],"author":[{"embeddable":true,"href":"https:\/\/ucnoqta.az\/index.php?rest_route=\/wp\/v2\/users\/1"}],"replies":[{"embeddable":true,"href":"https:\/\/ucnoqta.az\/index.php?rest_route=%2Fwp%2Fv2%2Fcomments&post=102485"}],"version-history":[{"count":0,"href":"https:\/\/ucnoqta.az\/index.php?rest_route=\/wp\/v2\/posts\/102485\/revisions"}],"wp:featuredmedia":[{"embeddable":true,"href":"https:\/\/ucnoqta.az\/index.php?rest_route=\/wp\/v2\/media\/251278"}],"wp:attachment":[{"href":"https:\/\/ucnoqta.az\/index.php?rest_route=%2Fwp%2Fv2%2Fmedia&parent=102485"}],"wp:term":[{"taxonomy":"category","embeddable":true,"href":"https:\/\/ucnoqta.az\/index.php?rest_route=%2Fwp%2Fv2%2Fcategories&post=102485"},{"taxonomy":"post_tag","embeddable":true,"href":"https:\/\/ucnoqta.az\/index.php?rest_route=%2Fwp%2Fv2%2Ftags&post=102485"}],"curies":[{"name":"wp","href":"https:\/\/api.w.org\/{rel}","templated":true}]}}