{"id":102482,"date":"2020-08-19T22:08:40","date_gmt":"2020-08-19T18:08:40","guid":{"rendered":""},"modified":"-0001-11-30T00:00:00","modified_gmt":"-0001-11-29T20:00:00","slug":"","status":"publish","type":"post","link":"https:\/\/ucnoqta.az\/?p=102482","title":{"rendered":"Az\u0259rbaycanda 14 ya\u015fl\u0131 q\u0131z\u0131 \u0259r\u0259 verm\u0259k ist\u0259dil\u0259r"},"content":{"rendered":"<p><strong>Az\u0259rbaycanda 14 ya\u015fl\u0131 q\u0131z\u0131 \u0259r\u0259 verm\u0259k ist\u0259yibl\u0259r.<\/strong><\/p>\n<p>Bu bar\u0259d\u0259 &ldquo;T\u0259miz D&uuml;nya&rdquo; Qad\u0131nlara Yard\u0131m \u0130ctimai Birliyinin s\u0259dri Mehriban Zeynalova m\u0259lumat payla\u015f\u0131b.<\/p>\n<p>O bildirib ki, s\u0259h\u0259r tezd\u0259n edil\u0259n z\u0259ngl\u0259 rayonlar\u0131n birind\u0259 14 ya\u015fl\u0131 q\u0131z\u0131n 27 ya\u015fl\u0131 bir g\u0259ncl\u0259 ni\u015fanlanmas\u0131 v\u0259 bir ne&ccedil;\u0259 g&uuml;n\u0259 q\u0131z\u0131n g\u0259lin apar\u0131laca\u011f\u0131na dair m\u0259lumat al\u0131b:<\/p>\n<p>D\u0259rhal Ail\u0259, Qad\u0131n v\u0259 U\u015faq Probleml\u0259ri &uuml;zr\u0259 D&ouml;vl\u0259t Komit\u0259sin\u0259 bu bar\u0259d\u0259 m\u0259lumat\u0131 &ouml;t&uuml;rd&uuml;m. G&uuml;nortaya art\u0131q m\u0259lumat ald\u0131m ki, ail\u0259 il\u0259 g&ouml;r&uuml;\u015f&uuml;l&uuml;b, h&uuml;quqi m\u0259suliyy\u0259t bar\u0259d\u0259 ail\u0259 m\u0259lumatland\u0131r\u0131l\u0131b v\u0259 ail\u0259 n\u0259zar\u0259t\u0259 g&ouml;t&uuml;r&uuml;l&uuml;b. G&ouml;r&uuml;\u015f zaman\u0131 u\u015faqla ayr\u0131ca s&ouml;hb\u0259t apar\u0131l\u0131b. U\u015faq t\u0259hsilini davam etdirm\u0259k ist\u0259diyini, lakin m\u0259cburi \u0259r\u0259 verildiyini t\u0259sdiq edib&quot;.\/\/\/qafqazinfo<\/p>\n","protected":false},"excerpt":{"rendered":"<p>Az\u0259rbaycanda 14 ya\u015fl\u0131 q\u0131z\u0131 \u0259r\u0259 verm\u0259k ist\u0259yibl\u0259r. Bu bar\u0259d\u0259 &ldquo;T\u0259miz D&uuml;nya&rdquo; Qad\u0131nlara Yard\u0131m \u0130ctimai Birliyinin s\u0259dri Mehriban Zeynalova m\u0259lumat payla\u015f\u0131b. O bildirib ki, s\u0259h\u0259r tezd\u0259n edil\u0259n z\u0259ngl\u0259 rayonlar\u0131n birind\u0259 14&hellip;<\/p>\n","protected":false},"author":1,"featured_media":251278,"comment_status":"open","ping_status":"open","sticky":false,"template":"","format":"standard","meta":{"_lmt_disableupdate":"","_lmt_disable":"","footnotes":""},"categories":[101],"tags":[],"class_list":["post-102482","post","type-post","status-publish","format-standard","has-post-thumbnail","hentry","category-cemiyyet"],"_links":{"self":[{"href":"https:\/\/ucnoqta.az\/index.php?rest_route=\/wp\/v2\/posts\/102482","targetHints":{"allow":["GET"]}}],"collection":[{"href":"https:\/\/ucnoqta.az\/index.php?rest_route=\/wp\/v2\/posts"}],"about":[{"href":"https:\/\/ucnoqta.az\/index.php?rest_route=\/wp\/v2\/types\/post"}],"author":[{"embeddable":true,"href":"https:\/\/ucnoqta.az\/index.php?rest_route=\/wp\/v2\/users\/1"}],"replies":[{"embeddable":true,"href":"https:\/\/ucnoqta.az\/index.php?rest_route=%2Fwp%2Fv2%2Fcomments&post=102482"}],"version-history":[{"count":0,"href":"https:\/\/ucnoqta.az\/index.php?rest_route=\/wp\/v2\/posts\/102482\/revisions"}],"wp:featuredmedia":[{"embeddable":true,"href":"https:\/\/ucnoqta.az\/index.php?rest_route=\/wp\/v2\/media\/251278"}],"wp:attachment":[{"href":"https:\/\/ucnoqta.az\/index.php?rest_route=%2Fwp%2Fv2%2Fmedia&parent=102482"}],"wp:term":[{"taxonomy":"category","embeddable":true,"href":"https:\/\/ucnoqta.az\/index.php?rest_route=%2Fwp%2Fv2%2Fcategories&post=102482"},{"taxonomy":"post_tag","embeddable":true,"href":"https:\/\/ucnoqta.az\/index.php?rest_route=%2Fwp%2Fv2%2Ftags&post=102482"}],"curies":[{"name":"wp","href":"https:\/\/api.w.org\/{rel}","templated":true}]}}