{"id":102481,"date":"2020-08-19T20:59:45","date_gmt":"2020-08-19T16:59:45","guid":{"rendered":""},"modified":"-0001-11-30T00:00:00","modified_gmt":"-0001-11-29T20:00:00","slug":"","status":"publish","type":"post","link":"https:\/\/ucnoqta.az\/?p=102481","title":{"rendered":"Ceyhun Bayramov \u00c7in s\u0259firi il\u0259 g\u00f6r\u00fc\u015f\u00fcb <font color=red><b>-Foto<\/b><\/font>"},"content":{"rendered":"<p><strong>Xarici \u0130\u015fl\u0259r naziri Ceyhun Bayramov &Ccedil;in Xalq Respublikas\u0131n\u0131n Az\u0259rbaycan Respublikas\u0131ndak\u0131 s\u0259firi xan\u0131m Qo Mini q\u0259bul edib.<\/strong><\/p>\n<p>X\u0130N-d\u0259n Ucnoqta.az-a veril\u0259n m\u0259lumata g&ouml;r\u0259, C.Bayramov Az\u0259rbaycan v\u0259 &Ccedil;in aras\u0131nda qar\u015f\u0131l\u0131ql\u0131 anla\u015fma v\u0259 etimada \u0259saslanan \u0259n y&uuml;ks\u0259k s\u0259viyy\u0259li siyasi dialoqun m&ouml;vcud oldu\u011funu qeyd edib. &Ouml;lk\u0259l\u0259r aras\u0131nda qar\u015f\u0131l\u0131ql\u0131 \u0259m\u0259kda\u015fl\u0131q \u0259laq\u0259l\u0259rind\u0259n b\u0259hs ed\u0259n nazir Az\u0259rbaycan v\u0259 &Ccedil;in aras\u0131nda \u0259laq\u0259l\u0259rin siyasi, iqtisadi-ticar\u0259t, humanitar, s\u0259hiyy\u0259 v\u0259 t\u0259hsil sah\u0259l\u0259rind\u0259 inki\u015faf\u0131ndan m\u0259mnunluq ifad\u0259 edib.<\/p>\n<p>S\u0259fir Q.Min &Ccedil;inin Xarici \u0130\u015fl\u0259r naziri Vanq Yinin s\u0259mimi salamlar\u0131n\u0131 v\u0259 t\u0259brikl\u0259rini nazir C.Bayramovun diqq\u0259tin\u0259 &ccedil;atd\u0131r\u0131b.<br \/>\nG&ouml;r&uuml;\u015fd\u0259 t\u0259r\u0259fl\u0259r ikit\u0259r\u0259fli v\u0259 &ccedil;oxt\u0259r\u0259fli formatlarda, beyn\u0259lxalq t\u0259\u015fkilatlar &ccedil;\u0259r&ccedil;iv\u0259sind\u0259 \u0259m\u0259kda\u015fl\u0131\u011f\u0131n daha da geni\u015fl\u0259ndirilm\u0259si &uuml;zr\u0259 fikir m&uuml;badil\u0259si apar\u0131blar.<\/p>\n<p>&Ouml;lk\u0259 r\u0259hb\u0259rl\u0259ri s\u0259viyy\u0259sind\u0259 s\u0259f\u0259rl\u0259rin iki &ouml;lk\u0259 aras\u0131nda \u0259laq\u0259l\u0259rin inki\u015faf\u0131na t\u0259kan verdiyi qeyd olunub.<br \/>\nT\u0259r\u0259fl\u0259rin d&ouml;vl\u0259tl\u0259rin suverenliyi v\u0259 \u0259razi b&uuml;t&ouml;vl&uuml;y&uuml;n\u0259 h&ouml;rm\u0259tl\u0259 ba\u011fl\u0131 prinsipial m&ouml;vqeyi vur\u011fulan\u0131b.<\/p>\n<p>Erm\u0259nistan-Az\u0259rbaycan Da\u011fl\u0131q-Qaraba\u011f m&uuml;naqi\u015f\u0259si bar\u0259d\u0259 qar\u015f\u0131 t\u0259r\u0259f\u0259 m\u0259lumat ver\u0259n nazir x&uuml;susil\u0259 cari ilin 12 iyul tarixind\u0259 Az\u0259rbaycan-Erm\u0259nistan s\u0259rh\u0259dinin Tovuz rayonu istiqam\u0259tind\u0259 Erm\u0259nistan silahl\u0131 q&uuml;vv\u0259l\u0259ri t\u0259r\u0259find\u0259n \u0259vv\u0259lc\u0259d\u0259n planla\u015fd\u0131r\u0131lan t\u0259xribat bar\u0259d\u0259 dan\u0131\u015f\u0131b. Erm\u0259nistan\u0131n bu n&ouml;vb\u0259ti t\u0259xribat\u0131n\u0131n &ouml;lk\u0259nin h\u0259rbi-siyasi m\u0259qs\u0259dl\u0259rin\u0259 xidm\u0259t etdiyini v\u0259 m&uuml;naqi\u015f\u0259nin h\u0259lli &uuml;zr\u0259 substantiv dan\u0131\u015f\u0131qlara mane olmaq m\u0259qs\u0259di g&uuml;dd&uuml;y&uuml;n&uuml; bildirib.<\/p>\n<p>G&ouml;r&uuml;\u015f zaman\u0131 s\u0259fir Az\u0259rbaycan Respublikas\u0131n\u0131n suverenliyi v\u0259 \u0259razi b&uuml;t&ouml;vl&uuml;y&uuml;n\u0259 h&ouml;rm\u0259t ifad\u0259 olunmas\u0131 il\u0259 ba\u011fl\u0131 &Ccedil;inin q\u0259ti m&ouml;vqeyini diqq\u0259t\u0259 &ccedil;atd\u0131r\u0131b.<\/p>\n<p>Xan\u0131m s\u0259fir Qo\u015fulmama H\u0259r\u0259kat\u0131na s\u0259drliyi d&ouml;vr&uuml;nd\u0259 Az\u0259rbaycan\u0131n f\u0259aliyy\u0259tini, x&uuml;susil\u0259 pandemiya il\u0259 \u0259laq\u0259dar Az\u0259rbaycan Respublikas\u0131 Prezidenti t\u0259r\u0259find\u0259n ir\u0259li s&uuml;r&uuml;lm&uuml;\u015f bir s\u0131ra qlobal t\u0259\u015f\u0259bb&uuml;sl\u0259rin &Ccedil;in t\u0259r\u0259find\u0259n y&uuml;ks\u0259k qiym\u0259tl\u0259ndirildiyini vur\u011fulay\u0131b.<\/p>\n<p>T\u0259r\u0259fl\u0259r, habel\u0259 qlobal s\u0259viyy\u0259d\u0259 COV\u0130D-19 pandemiyas\u0131 il\u0259 m&uuml;bariz\u0259 apar\u0131ld\u0131\u011f\u0131 bir d&ouml;vrd\u0259 beyn\u0259lxalq \u0259m\u0259kda\u015fl\u0131q v\u0259 h\u0259mr\u0259yliyin \u0259h\u0259miyy\u0259tini qeyd edibl\u0259r. &Ccedil;in t\u0259r\u0259find\u0259n g&ouml;st\u0259ril\u0259n texniki d\u0259st\u0259yi vur\u011fulayan nazir bunun Az\u0259rbaycan v\u0259 &Ccedil;in xalqlar\u0131 aras\u0131nda dostluq \u0259n\u0259n\u0259l\u0259rin\u0259 sadiq qald\u0131\u011f\u0131n\u0131n bariz n&uuml;mun\u0259si oldu\u011funu qeyd edib v\u0259 bu &ccedil;\u0259tin g&uuml;nl\u0259rd\u0259 g&ouml;st\u0259ril\u0259n d\u0259st\u0259y\u0259 v\u0259 h\u0259mr\u0259yliy\u0259 g&ouml;r\u0259 minn\u0259tdarl\u0131q bildirib.<\/p>\n<p>G&ouml;r&uuml;\u015fd\u0259, h\u0259m&ccedil;inin qar\u015f\u0131l\u0131ql\u0131 maraq do\u011furan dig\u0259r m\u0259s\u0259l\u0259l\u0259r &uuml;zr\u0259 m&uuml;zakir\u0259l\u0259r apar\u0131l\u0131b.<\/p>\n","protected":false},"excerpt":{"rendered":"<p>Xarici \u0130\u015fl\u0259r naziri Ceyhun Bayramov &Ccedil;in Xalq Respublikas\u0131n\u0131n Az\u0259rbaycan Respublikas\u0131ndak\u0131 s\u0259firi xan\u0131m Qo Mini q\u0259bul edib. X\u0130N-d\u0259n Ucnoqta.az-a veril\u0259n m\u0259lumata g&ouml;r\u0259, C.Bayramov Az\u0259rbaycan v\u0259 &Ccedil;in aras\u0131nda qar\u015f\u0131l\u0131ql\u0131 anla\u015fma v\u0259 etimada&hellip;<\/p>\n","protected":false},"author":1,"featured_media":251278,"comment_status":"open","ping_status":"open","sticky":false,"template":"","format":"standard","meta":{"_lmt_disableupdate":"","_lmt_disable":"","footnotes":""},"categories":[86],"tags":[],"class_list":["post-102481","post","type-post","status-publish","format-standard","has-post-thumbnail","hentry","category-siyaset"],"_links":{"self":[{"href":"https:\/\/ucnoqta.az\/index.php?rest_route=\/wp\/v2\/posts\/102481","targetHints":{"allow":["GET"]}}],"collection":[{"href":"https:\/\/ucnoqta.az\/index.php?rest_route=\/wp\/v2\/posts"}],"about":[{"href":"https:\/\/ucnoqta.az\/index.php?rest_route=\/wp\/v2\/types\/post"}],"author":[{"embeddable":true,"href":"https:\/\/ucnoqta.az\/index.php?rest_route=\/wp\/v2\/users\/1"}],"replies":[{"embeddable":true,"href":"https:\/\/ucnoqta.az\/index.php?rest_route=%2Fwp%2Fv2%2Fcomments&post=102481"}],"version-history":[{"count":0,"href":"https:\/\/ucnoqta.az\/index.php?rest_route=\/wp\/v2\/posts\/102481\/revisions"}],"wp:featuredmedia":[{"embeddable":true,"href":"https:\/\/ucnoqta.az\/index.php?rest_route=\/wp\/v2\/media\/251278"}],"wp:attachment":[{"href":"https:\/\/ucnoqta.az\/index.php?rest_route=%2Fwp%2Fv2%2Fmedia&parent=102481"}],"wp:term":[{"taxonomy":"category","embeddable":true,"href":"https:\/\/ucnoqta.az\/index.php?rest_route=%2Fwp%2Fv2%2Fcategories&post=102481"},{"taxonomy":"post_tag","embeddable":true,"href":"https:\/\/ucnoqta.az\/index.php?rest_route=%2Fwp%2Fv2%2Ftags&post=102481"}],"curies":[{"name":"wp","href":"https:\/\/api.w.org\/{rel}","templated":true}]}}