{"id":102479,"date":"2020-08-19T19:21:18","date_gmt":"2020-08-19T15:21:18","guid":{"rendered":""},"modified":"-0001-11-30T00:00:00","modified_gmt":"-0001-11-29T20:00:00","slug":"","status":"publish","type":"post","link":"https:\/\/ucnoqta.az\/?p=102479","title":{"rendered":"Pandemiyadan z\u0259r\u0259r \u00e7\u0259kmi\u015f sahibkarlara 76 milyon manat maliyy\u0259 d\u0259st\u0259yi g\u00f6st\u0259rilib"},"content":{"rendered":"<p><strong>Bu g&uuml;n\u0259 q\u0259d\u0259r maliyy\u0259 d\u0259st\u0259yi proqramlar\u0131 &ccedil;\u0259r&ccedil;iv\u0259sind\u0259 koronavirus pandemiyas\u0131ndan z\u0259r\u0259 &ccedil;\u0259kmi\u015f 107.191 f\u0259rdi (mikro) sahibkara 76 milyon manat m\u0259bl\u0259\u011find\u0259 bird\u0259f\u0259lik maliyy\u0259 d\u0259st\u0259yi g&ouml;st\u0259rilib.<\/strong><\/p>\n<p>Bu bar\u0259d\u0259 m\u0259lumat Az\u0259rbaycan Respublikas\u0131n\u0131n \u0130qtisadiyyat Nazirliyinin r\u0259smi sayt\u0131nda yerl\u0259\u015fdirilib.<br \/>\nAz\u0259rbaycan Respublikas\u0131 Prezidentinin tap\u015f\u0131r\u0131\u011f\u0131na v\u0259 Nazirl\u0259r Kabinetinin m&uuml;vafiq q\u0259rar\u0131na \u0259sas\u0259n, \u0130qtisadiyyat Nazirliyi yan\u0131nda D&ouml;vl\u0259t Vergi Xidm\u0259ti t\u0259r\u0259find\u0259n pandemiyadan z\u0259r\u0259r &ccedil;\u0259kmi\u015f sah\u0259l\u0259rd\u0259 &ccedil;al\u0131\u015fan vergi &ouml;d\u0259yicil\u0259rinin muzdlu i\u015f&ccedil;il\u0259rin\u0259 ikinci maliyy\u0259 d\u0259st\u0259yi proqram\u0131 &ccedil;\u0259r&ccedil;iv\u0259sind\u0259 v\u0259sait k&ouml;&ccedil;&uuml;r&uuml;lm\u0259sin\u0259 ba\u015flan\u0131l\u0131b.<\/p>\n<p>Maliyy\u0259 d\u0259st\u0259yi pandemiyadan z\u0259r\u0259r &ccedil;\u0259kmi\u015f sah\u0259l\u0259rd\u0259 &ccedil;al\u0131\u015fan, birinci maliyy\u0259 d\u0259st\u0259yi proqram\u0131 &ccedil;\u0259r&ccedil;iv\u0259sind\u0259 v\u0259sait alm\u0131\u015f v\u0259 d&ouml;vl\u0259t ba\u015f&ccedil;\u0131s\u0131n\u0131n &ccedil;a\u011f\u0131r\u0131\u015f\u0131na cavab olaraq, i\u015f&ccedil;i saylar\u0131nda ciddi azalmalara yol verm\u0259mi\u015f vergi &ouml;d\u0259yicil\u0259rin\u0259 1 iyul 2020-ci il tarixin\u0259 olan i\u015f&ccedil;i say\u0131 \u0259sas g&ouml;t&uuml;r&uuml;lm\u0259kl\u0259 bir ayl\u0131q \u0259m\u0259khaqq\u0131 fondu h\u0259cmind\u0259 g&ouml;st\u0259rilir v\u0259 avqust-sentyabr aylar\u0131n\u0131 \u0259hat\u0259 etm\u0259kl\u0259 2 m\u0259rh\u0259l\u0259d\u0259 b\u0259rab\u0259r hiss\u0259l\u0259rl\u0259 &ouml;d\u0259nil\u0259c\u0259k. Maliyy\u0259 d\u0259st\u0259yinin ikinci m\u0259rh\u0259l\u0259si &ccedil;\u0259r&ccedil;iv\u0259sind\u0259 vergi &ouml;d\u0259yicil\u0259rinin yenid\u0259n m&uuml;raci\u0259t etm\u0259l\u0259rin\u0259 ehtiyac yoxdur.<\/p>\n<p>Avqustun 19-u tarixin\u0259 ikinci m\u0259rh\u0259l\u0259 &ccedil;\u0259r&ccedil;iv\u0259sind\u0259 228.175 muzdlu i\u015f&ccedil;ini \u0259hat\u0259 ed\u0259n 22.603 vergi &ouml;d\u0259yicisinin bank hesablar\u0131na ilkin olaraq 50,38 milyon manat k&ouml;&ccedil;&uuml;r&uuml;l&uuml;b.<\/p>\n<p>Maliyy\u0259 d\u0259st\u0259yi proqram\u0131n\u0131n ikinci m\u0259rh\u0259l\u0259sind\u0259 &ouml;d\u0259ni\u015fl\u0259 \u0259hat\u0259 olunmu\u015f muzdlu i\u015f&ccedil;il\u0259rin say\u0131 birinci m\u0259rh\u0259l\u0259d\u0259 v\u0259sait alm\u0131\u015f muzdlu i\u015f&ccedil;il\u0259rin say\u0131ndan 12.177 n\u0259f\u0259r &ccedil;oxdur ki, bu da \u015f\u0259ffafla\u015fd\u0131rma n\u0259tic\u0259sind\u0259 \u0259m\u0259k m&uuml;qavil\u0259l\u0259ri ba\u011flam\u0131\u015f i\u015f&ccedil;i saylar\u0131n\u0131n artmas\u0131 il\u0259 \u0259laq\u0259dard\u0131r.<\/p>\n<p>H\u0259m&ccedil;inin aprel-iyun aylar\u0131 \u0259rzind\u0259 i\u015f&ccedil;il\u0259rinin ham\u0131s\u0131n\u0131 (1666 n\u0259f\u0259r) ixtisar etmi\u015f 553 vergi &ouml;d\u0259yicisin\u0259 v\u0259 i\u015f&ccedil;il\u0259rinin say\u0131nda ciddi azalmalara yol vermi\u015f 374 vergi &ouml;d\u0259yicisin\u0259 maliyy\u0259 d\u0259st\u0259yi g&ouml;st\u0259rilm\u0259sind\u0259n imtina edilib.<\/p>\n<p>Pandemiyadan z\u0259r\u0259r &ccedil;\u0259kmi\u015f sah\u0259l\u0259rd\u0259 f\u0259aliyy\u0259t g&ouml;st\u0259r\u0259n sahibkarlara v\u0259 iqtisadi art\u0131ma d&ouml;vl\u0259t d\u0259st\u0259yi mexanizml\u0259ri bar\u0259d\u0259 qanunvericilik aktlar\u0131, q\u0259rarlar, videot\u0259limatlar, \u0259n &ccedil;ox veril\u0259n suallar v\u0259 onlar\u0131n cavablar\u0131, maliyy\u0259 d\u0259st\u0259yi alm\u0131\u015f vergi &ouml;d\u0259yicil\u0259rinin m&uuml;t\u0259madi olaraq yenil\u0259n\u0259n siyah\u0131s\u0131, el\u0259c\u0259 d\u0259 dig\u0259r faydal\u0131 m\u0259lumatlarla a\u015fa\u011f\u0131dak\u0131 linkl\u0259rd\u0259n istifad\u0259 etm\u0259kl\u0259 tan\u0131\u015f ola bil\u0259rsiniz.\/\/\/oxu.az<\/p>\n","protected":false},"excerpt":{"rendered":"<p>Bu g&uuml;n\u0259 q\u0259d\u0259r maliyy\u0259 d\u0259st\u0259yi proqramlar\u0131 &ccedil;\u0259r&ccedil;iv\u0259sind\u0259 koronavirus pandemiyas\u0131ndan z\u0259r\u0259 &ccedil;\u0259kmi\u015f 107.191 f\u0259rdi (mikro) sahibkara 76 milyon manat m\u0259bl\u0259\u011find\u0259 bird\u0259f\u0259lik maliyy\u0259 d\u0259st\u0259yi g&ouml;st\u0259rilib. Bu bar\u0259d\u0259 m\u0259lumat Az\u0259rbaycan Respublikas\u0131n\u0131n \u0130qtisadiyyat Nazirliyinin&hellip;<\/p>\n","protected":false},"author":1,"featured_media":251278,"comment_status":"open","ping_status":"open","sticky":false,"template":"","format":"standard","meta":{"_lmt_disableupdate":"","_lmt_disable":"","footnotes":""},"categories":[],"tags":[],"class_list":["post-102479","post","type-post","status-publish","format-standard","has-post-thumbnail","hentry"],"_links":{"self":[{"href":"https:\/\/ucnoqta.az\/index.php?rest_route=\/wp\/v2\/posts\/102479","targetHints":{"allow":["GET"]}}],"collection":[{"href":"https:\/\/ucnoqta.az\/index.php?rest_route=\/wp\/v2\/posts"}],"about":[{"href":"https:\/\/ucnoqta.az\/index.php?rest_route=\/wp\/v2\/types\/post"}],"author":[{"embeddable":true,"href":"https:\/\/ucnoqta.az\/index.php?rest_route=\/wp\/v2\/users\/1"}],"replies":[{"embeddable":true,"href":"https:\/\/ucnoqta.az\/index.php?rest_route=%2Fwp%2Fv2%2Fcomments&post=102479"}],"version-history":[{"count":0,"href":"https:\/\/ucnoqta.az\/index.php?rest_route=\/wp\/v2\/posts\/102479\/revisions"}],"wp:featuredmedia":[{"embeddable":true,"href":"https:\/\/ucnoqta.az\/index.php?rest_route=\/wp\/v2\/media\/251278"}],"wp:attachment":[{"href":"https:\/\/ucnoqta.az\/index.php?rest_route=%2Fwp%2Fv2%2Fmedia&parent=102479"}],"wp:term":[{"taxonomy":"category","embeddable":true,"href":"https:\/\/ucnoqta.az\/index.php?rest_route=%2Fwp%2Fv2%2Fcategories&post=102479"},{"taxonomy":"post_tag","embeddable":true,"href":"https:\/\/ucnoqta.az\/index.php?rest_route=%2Fwp%2Fv2%2Ftags&post=102479"}],"curies":[{"name":"wp","href":"https:\/\/api.w.org\/{rel}","templated":true}]}}