{"id":102474,"date":"2020-08-19T17:58:03","date_gmt":"2020-08-19T13:58:03","guid":{"rendered":""},"modified":"-0001-11-30T00:00:00","modified_gmt":"-0001-11-29T20:00:00","slug":"","status":"publish","type":"post","link":"https:\/\/ucnoqta.az\/?p=102474","title":{"rendered":"M\u00fcdafi\u0259 Nazirliyi Serj Sarqsyana cavab verib"},"content":{"rendered":"<p><strong>Az\u0259rbaycan M&uuml;dafi\u0259 Nazirliyi Erm\u0259nistan\u0131n sabiq prezidenti Serj Sarqsyana cavab verib.<\/strong><\/p>\n<p>Nazirliyin m\u0259tbuat xidm\u0259tind\u0259n&nbsp;veril\u0259n m\u0259lumatda bildirilir ki, bu g&uuml;n ke&ccedil;iril\u0259n m\u0259tbuat konfrans\u0131nda &ccedil;\u0131x\u0131\u015f ed\u0259n Erm\u0259nistan\u0131n sabiq prezidenti Serj Sarqsyan 2016-c\u0131 ilin aprel d&ouml;y&uuml;\u015fl\u0259ri bar\u0259d\u0259 dan\u0131\u015fark\u0259n guya Az\u0259rbaycan Ordusunun t\u0259rkibind\u0259 T&uuml;rkiy\u0259 v\u0259 \u0130sraild\u0259n h\u0259rbi t\u0259limat&ccedil;\u0131lar\u0131n olmas\u0131 haqq\u0131nda s\u0259rs\u0259m fikir s\u0259sl\u0259ndirib: &ldquo;B\u0259llidir ki, m\u0259hz Erm\u0259nistan silahl\u0131 q&uuml;vv\u0259l\u0259rind\u0259 h\u0259rbi xidm\u0259t\u0259 &ccedil;a\u011f\u0131r\u0131\u015f&ccedil;\u0131 v\u0259 s\u0259f\u0259rb\u0259rlik ehtiyatlar\u0131n\u0131n &ccedil;at\u0131\u015fmazl\u0131\u011f\u0131 s\u0259b\u0259bind\u0259n xarici &ouml;lk\u0259l\u0259rd\u0259n g\u0259tiril\u0259n muzdlular\u0131n istifad\u0259 edilm\u0259si praktikas\u0131 geni\u015f t\u0259tbiq olunur.<\/p>\n<p>Aprel d&ouml;y&uuml;\u015fl\u0259rind\u0259n ald\u0131\u011f\u0131 z\u0259rb\u0259nin t\u0259sirind\u0259n 4 il sonra qism\u0259n &ouml;z&uuml;n\u0259 g\u0259l\u0259n Serj Sarqsyan\u0131n b\u0259ra\u0259t qazanmaq &uuml;&ccedil;&uuml;n bu c&uuml;r c\u0259f\u0259ng fikirl\u0259r s\u0259sl\u0259ndirm\u0259si he&ccedil; d\u0259 t\u0259\u0259cc&uuml;bl&uuml; deyil. Bel\u0259 ki, bir t\u0259r\u0259fd\u0259n Erm\u0259nistan ordusunun h\u0259min d&ouml;y&uuml;\u015fl\u0259rd\u0259ki m\u0259\u011flubiyy\u0259tinin f\u0259sadlar\u0131, dig\u0259r t\u0259r\u0259fd\u0259n is\u0259 parlament komissiyas\u0131n\u0131n bu u\u011fursuzluqlar\u0131n s\u0259b\u0259b v\u0259 s\u0259b\u0259bkarlar\u0131n\u0131 m&uuml;\u0259yy\u0259n ed\u0259r\u0259k onlara a\u011f\u0131r c\u0259za verm\u0259k &ccedil;a\u011f\u0131r\u0131\u015f\u0131 Serj Sarqsyan\u0131 bel\u0259 bir add\u0131m atma\u011fa m\u0259cbur edib.<\/p>\n<p>Bildiririk ki, bu g&uuml;n Az\u0259rbaycan Ordusu &ouml;lk\u0259mizd\u0259 v\u0259 d&uuml;nyan\u0131n \u0259n n&uuml;fuzlu h\u0259rbi t\u0259hsil m&uuml;\u0259ssis\u0259l\u0259rind\u0259 ixtisasla\u015fm\u0131\u015f pe\u015f\u0259kar h\u0259rbi qulluq&ccedil;ularla komplektl\u0259\u015fdirilmi\u015f v\u0259 arsenal\u0131nda \u0259n m&uuml;asir silah-sursat, h\u0259rbi texnikas\u0131 olan ordudur.<\/p>\n<p>Serj Sarqsyan\u0131n s\u0259sl\u0259ndirdiyi yalan v\u0259 g&uuml;l&uuml;nc fikirl\u0259r onun &ouml;z t\u0259r\u0259fda\u015flar\u0131, erm\u0259ni ictimaiyy\u0259ti qar\u015f\u0131s\u0131nda it\u0259n n&uuml;fuzunu b\u0259rpa etm\u0259y\u0259, x&uuml;susil\u0259 d\u0259 parlament komissiyas\u0131n\u0131n q\u0259bul ed\u0259c\u0259yi q\u0259rarlara t\u0259sir etm\u0259y\u0259 y&ouml;n\u0259l\u0259n u\u011fursuz c\u0259hddir. Erm\u0259ni xalq\u0131 bilm\u0259lidir ki, Erm\u0259nistan ordusunun Aprel d&ouml;y&uuml;\u015fl\u0259rind\u0259ki al&ccedil;ald\u0131c\u0131 m\u0259\u011flubiyy\u0259tinin g&uuml;nahkar\u0131 m\u0259hz Serj Sarqsyan v\u0259 onun h\u0259rbi-siyasi rejimi olub.<\/p>\n<p>Bir daha bildiririk ki, Erm\u0259nistan-Az\u0259rbaycan d&ouml;vl\u0259t s\u0259rh\u0259dinin Tovuz rayonu istiqam\u0259tind\u0259 Erm\u0259nistan\u0131n haz\u0131rk\u0131 hakimiyy\u0259tinin t&ouml;r\u0259tdiyi h\u0259rbi avant&uuml;ran\u0131n qar\u015f\u0131s\u0131n\u0131 q\u0259tiyy\u0259tl\u0259 alan Az\u0259rbaycan Ordusu bundan sonra da d&uuml;\u015fm\u0259nin ist\u0259nil\u0259n t\u0259xribatlar\u0131n\u0131n qar\u015f\u0131s\u0131n\u0131 alma\u011fa qadirdir&quot;.\/\/\/Apa<\/p>\n","protected":false},"excerpt":{"rendered":"<p>Az\u0259rbaycan M&uuml;dafi\u0259 Nazirliyi Erm\u0259nistan\u0131n sabiq prezidenti Serj Sarqsyana cavab verib. Nazirliyin m\u0259tbuat xidm\u0259tind\u0259n&nbsp;veril\u0259n m\u0259lumatda bildirilir ki, bu g&uuml;n ke&ccedil;iril\u0259n m\u0259tbuat konfrans\u0131nda &ccedil;\u0131x\u0131\u015f ed\u0259n Erm\u0259nistan\u0131n sabiq prezidenti Serj Sarqsyan 2016-c\u0131 ilin&hellip;<\/p>\n","protected":false},"author":1,"featured_media":251278,"comment_status":"open","ping_status":"open","sticky":false,"template":"","format":"standard","meta":{"_lmt_disableupdate":"","_lmt_disable":"","footnotes":""},"categories":[],"tags":[],"class_list":["post-102474","post","type-post","status-publish","format-standard","has-post-thumbnail","hentry"],"_links":{"self":[{"href":"https:\/\/ucnoqta.az\/index.php?rest_route=\/wp\/v2\/posts\/102474","targetHints":{"allow":["GET"]}}],"collection":[{"href":"https:\/\/ucnoqta.az\/index.php?rest_route=\/wp\/v2\/posts"}],"about":[{"href":"https:\/\/ucnoqta.az\/index.php?rest_route=\/wp\/v2\/types\/post"}],"author":[{"embeddable":true,"href":"https:\/\/ucnoqta.az\/index.php?rest_route=\/wp\/v2\/users\/1"}],"replies":[{"embeddable":true,"href":"https:\/\/ucnoqta.az\/index.php?rest_route=%2Fwp%2Fv2%2Fcomments&post=102474"}],"version-history":[{"count":0,"href":"https:\/\/ucnoqta.az\/index.php?rest_route=\/wp\/v2\/posts\/102474\/revisions"}],"wp:featuredmedia":[{"embeddable":true,"href":"https:\/\/ucnoqta.az\/index.php?rest_route=\/wp\/v2\/media\/251278"}],"wp:attachment":[{"href":"https:\/\/ucnoqta.az\/index.php?rest_route=%2Fwp%2Fv2%2Fmedia&parent=102474"}],"wp:term":[{"taxonomy":"category","embeddable":true,"href":"https:\/\/ucnoqta.az\/index.php?rest_route=%2Fwp%2Fv2%2Fcategories&post=102474"},{"taxonomy":"post_tag","embeddable":true,"href":"https:\/\/ucnoqta.az\/index.php?rest_route=%2Fwp%2Fv2%2Ftags&post=102474"}],"curies":[{"name":"wp","href":"https:\/\/api.w.org\/{rel}","templated":true}]}}