{"id":102473,"date":"2020-08-19T17:49:31","date_gmt":"2020-08-19T13:49:31","guid":{"rendered":""},"modified":"-0001-11-30T00:00:00","modified_gmt":"-0001-11-29T20:00:00","slug":"","status":"publish","type":"post","link":"https:\/\/ucnoqta.az\/?p=102473","title":{"rendered":"A\u0130 Belarusdak\u0131 prezident se\u00e7kil\u0259rinin n\u0259tic\u0259l\u0259rini tan\u0131mad\u0131"},"content":{"rendered":"<p><strong>&ldquo;A\u0130 Belarus hakimiyy\u0259tinin elan etdiyi prezident se&ccedil;kil\u0259rinin n\u0259tic\u0259l\u0259rini q\u0259bul etmir&rdquo;.<\/strong><\/p>\n<p>&ldquo;Report&rdquo; &ldquo;R\u0130A Novosti&rdquo;y\u0259 istinad\u0259n x\u0259b\u0259r verir ki, bunu Belarusla \u0259laq\u0259dar ke&ccedil;iril\u0259n sammitd\u0259n sonra Avropa \u0130ttifaq\u0131 \u015euras\u0131n\u0131n r\u0259hb\u0259ri \u015earl Mi\u015fel bildirib.<\/p>\n","protected":false},"excerpt":{"rendered":"<p>&ldquo;A\u0130 Belarus hakimiyy\u0259tinin elan etdiyi prezident se&ccedil;kil\u0259rinin n\u0259tic\u0259l\u0259rini q\u0259bul etmir&rdquo;. &ldquo;Report&rdquo; &ldquo;R\u0130A Novosti&rdquo;y\u0259 istinad\u0259n x\u0259b\u0259r verir ki, bunu Belarusla \u0259laq\u0259dar ke&ccedil;iril\u0259n sammitd\u0259n sonra Avropa \u0130ttifaq\u0131 \u015euras\u0131n\u0131n r\u0259hb\u0259ri \u015earl Mi\u015fel bildirib.<\/p>\n","protected":false},"author":1,"featured_media":251278,"comment_status":"open","ping_status":"open","sticky":false,"template":"","format":"standard","meta":{"_lmt_disableupdate":"","_lmt_disable":"","footnotes":""},"categories":[89],"tags":[],"class_list":["post-102473","post","type-post","status-publish","format-standard","has-post-thumbnail","hentry","category-dunya-butun-xeberler"],"_links":{"self":[{"href":"https:\/\/ucnoqta.az\/index.php?rest_route=\/wp\/v2\/posts\/102473","targetHints":{"allow":["GET"]}}],"collection":[{"href":"https:\/\/ucnoqta.az\/index.php?rest_route=\/wp\/v2\/posts"}],"about":[{"href":"https:\/\/ucnoqta.az\/index.php?rest_route=\/wp\/v2\/types\/post"}],"author":[{"embeddable":true,"href":"https:\/\/ucnoqta.az\/index.php?rest_route=\/wp\/v2\/users\/1"}],"replies":[{"embeddable":true,"href":"https:\/\/ucnoqta.az\/index.php?rest_route=%2Fwp%2Fv2%2Fcomments&post=102473"}],"version-history":[{"count":0,"href":"https:\/\/ucnoqta.az\/index.php?rest_route=\/wp\/v2\/posts\/102473\/revisions"}],"wp:featuredmedia":[{"embeddable":true,"href":"https:\/\/ucnoqta.az\/index.php?rest_route=\/wp\/v2\/media\/251278"}],"wp:attachment":[{"href":"https:\/\/ucnoqta.az\/index.php?rest_route=%2Fwp%2Fv2%2Fmedia&parent=102473"}],"wp:term":[{"taxonomy":"category","embeddable":true,"href":"https:\/\/ucnoqta.az\/index.php?rest_route=%2Fwp%2Fv2%2Fcategories&post=102473"},{"taxonomy":"post_tag","embeddable":true,"href":"https:\/\/ucnoqta.az\/index.php?rest_route=%2Fwp%2Fv2%2Ftags&post=102473"}],"curies":[{"name":"wp","href":"https:\/\/api.w.org\/{rel}","templated":true}]}}