{"id":102470,"date":"2020-08-19T17:14:04","date_gmt":"2020-08-19T13:14:04","guid":{"rendered":""},"modified":"-0001-11-30T00:00:00","modified_gmt":"-0001-11-29T20:00:00","slug":"","status":"publish","type":"post","link":"https:\/\/ucnoqta.az\/?p=102470","title":{"rendered":"Moskvada az\u0259rbaycanl\u0131ya t\u0259zyiq\u0259 g\u00f6r\u0259 erm\u0259ni m\u0259mur i\u015fd\u0259n \u00e7\u0131xar\u0131ld\u0131"},"content":{"rendered":"<p><strong>Tovuz d&ouml;y&uuml;\u015fl\u0259ri \u0259r\u0259f\u0259sind\u0259 Moskvada h\u0259myerlimiz\u0259 qar\u015f\u0131 edil\u0259n qanunsuzlu\u011fa g&ouml;r\u0259 Moskva Vilay\u0259ti M\u0131ti\u015fi \u015f\u0259h\u0259r dair\u0259si Administrasiyas\u0131nda \u015f&ouml;b\u0259 m&uuml;diri v\u0259zif\u0259sind\u0259 &ccedil;al\u0131\u015fan erm\u0259ni m\u0259mur Roman Radikovi&ccedil; \u015eaqinyan c\u0259zalanaraq i\u015fd\u0259n azad olunub.<\/strong><\/p>\n<p>Bu bar\u0259d\u0259 &ldquo;Report&rdquo;a V\u0259kill\u0259r Kollegiyas\u0131n\u0131n s\u0259dri Anar Ba\u011f\u0131rov&nbsp;m\u0259lumat verib.<\/p>\n<p>&quot;Tovuz d&ouml;y&uuml;\u015fl\u0259ri zaman\u0131 Moskvada h\u0259myerlimiz\u0259 qar\u015f\u0131 erm\u0259ni \u0259silli m\u0259mur Roman \u015eaqinyan t\u0259r\u0259find\u0259n edil\u0259n qanunsuzluq, al&ccedil;ald\u0131c\u0131 v\u0259h\u015fillik yad\u0131n\u0131zdad\u0131rm\u0131?&nbsp;O o kadrlar\u0131n erm\u0259ni K\u0130V-d\u0259 h\u0259v\u0259sl\u0259 tirajlanmas\u0131 is\u0259 xalq\u0131m\u0131za qar\u015f\u0131 ill\u0259rl\u0259 davam ed\u0259n erm\u0259ni \u015fovinizminin davam\u0131 idi&quot;.<\/p>\n<p>M\u0259s\u0259l\u0259y\u0259 bigan\u0259 qala bilm\u0259zdik v\u0259 s&ouml;z verdiyim kimi d\u0259rhal Rusiyada f\u0259aliyy\u0259t g&ouml;st\u0259r\u0259n \u0259sl v\u0259t\u0259np\u0259rv\u0259rl\u0259r, h\u0259myerlil\u0259rimiz olan v\u0259kil dostlar\u0131m\u0131z Suriy\u0259 Rzayeva v\u0259 N\u0259riman A\u011fas\u0131yeva m&uuml;raci\u0259t etdim.<\/p>\n<p>\u018fsl pe\u015f\u0259karlar olan, &ouml;z h\u0259yatlar\u0131\u0131n\u0131 risk alt\u0131na atan dostlar\u0131m\u0131z t\u0259r\u0259find\u0259n d\u0259rhal b&uuml;t&uuml;n z\u0259ruri t\u0259dbirl\u0259r g&ouml;r&uuml;ld&uuml;, t\u0259m\u0259nnas\u0131z qaydada h&uuml;quqi m&uuml;st\u0259vid\u0259 m&uuml;bariz\u0259 apar\u0131ld\u0131 v\u0259 ilk n\u0259tic\u0259 il\u0259 sizl\u0259ri sevindirm\u0259k ist\u0259yir\u0259m:<\/p>\n<p>Moskva Vilay\u0259ti M\u0131ti\u015fi \u015f\u0259h\u0259r dair\u0259si Administrasiyas\u0131nda \u015f&ouml;b\u0259 m&uuml;diri v\u0259zif\u0259sind\u0259 &ccedil;al\u0131\u015fan erm\u0259ni m\u0259mur Roman Radikovi&ccedil; \u015eaqinyan m\u0259mura yara\u015fmayan qanunsuz h\u0259r\u0259k\u0259tl\u0259rin\u0259 g&ouml;r\u0259 c\u0259zaland\u0131, i\u015fd\u0259n azad olundu.<\/p>\n<p>Hal-haz\u0131rda qar\u015f\u0131m\u0131zda duran v\u0259zif\u0259 \u015eaqinyan\u0131n cinay\u0259t m\u0259suliyy\u0259tin\u0259 c\u0259lb olunmas\u0131 m\u0259s\u0259l\u0259sidir. Art\u0131q bunun &uuml;&ccedil;&uuml;n d\u0259 d\u0259y\u0259rli v\u0259t\u0259np\u0259rv\u0259r v\u0259kill\u0259rimiz t\u0259r\u0259find\u0259n b&uuml;t&uuml;n z\u0259ruri m&uuml;raci\u0259tl\u0259r edilib.<\/p>\n<p>&Ccedil;ox xo\u015fb\u0259xt\u0259m ki, h&ouml;rm\u0259tli dostlar\u0131m\u0131zla birg\u0259 d&uuml;\u015fmanlar\u0131m\u0131za qar\u015f\u0131 h&uuml;quq m&uuml;harib\u0259sind\u0259 ki&ccedil;ik d\u0259 olsa q\u0259l\u0259b\u0259 \u0259ld\u0259 etmi\u015fik!<\/p>\n<p>\u018fsas is\u0259 odur ki, kimliyind\u0259n as\u0131l\u0131 olmayaraq, d&uuml;nyan\u0131n ist\u0259nil\u0259n yerind\u0259 h\u0259r bir sad\u0259 az\u0259rbaycanl\u0131n\u0131n h&uuml;quqlar\u0131n\u0131 pozan h\u0259r k\u0259s buna g&ouml;r\u0259 m&uuml;tl\u0259q qanun qar\u015f\u0131s\u0131nda cavab verm\u0259li olaca\u011f\u0131na \u015f&uuml;bh\u0259 etm\u0259m\u0259lidir.<\/p>\n<p>Az\u0259rbaycan d&ouml;vl\u0259ti v\u0259 onun r\u0259hb\u0259rliyi, &ouml;lk\u0259 v\u0259killiyi buna he&ccedil; zaman imkan verm\u0259y\u0259c\u0259k!&rdquo; &ndash; dey\u0259 Anar Ba\u011f\u0131rov qeyd edib.<\/p>\n","protected":false},"excerpt":{"rendered":"<p>Tovuz d&ouml;y&uuml;\u015fl\u0259ri \u0259r\u0259f\u0259sind\u0259 Moskvada h\u0259myerlimiz\u0259 qar\u015f\u0131 edil\u0259n qanunsuzlu\u011fa g&ouml;r\u0259 Moskva Vilay\u0259ti M\u0131ti\u015fi \u015f\u0259h\u0259r dair\u0259si Administrasiyas\u0131nda \u015f&ouml;b\u0259 m&uuml;diri v\u0259zif\u0259sind\u0259 &ccedil;al\u0131\u015fan erm\u0259ni m\u0259mur Roman Radikovi&ccedil; \u015eaqinyan c\u0259zalanaraq i\u015fd\u0259n azad olunub. Bu bar\u0259d\u0259&hellip;<\/p>\n","protected":false},"author":1,"featured_media":251278,"comment_status":"open","ping_status":"open","sticky":false,"template":"","format":"standard","meta":{"_lmt_disableupdate":"","_lmt_disable":"","footnotes":""},"categories":[],"tags":[],"class_list":["post-102470","post","type-post","status-publish","format-standard","has-post-thumbnail","hentry"],"_links":{"self":[{"href":"https:\/\/ucnoqta.az\/index.php?rest_route=\/wp\/v2\/posts\/102470","targetHints":{"allow":["GET"]}}],"collection":[{"href":"https:\/\/ucnoqta.az\/index.php?rest_route=\/wp\/v2\/posts"}],"about":[{"href":"https:\/\/ucnoqta.az\/index.php?rest_route=\/wp\/v2\/types\/post"}],"author":[{"embeddable":true,"href":"https:\/\/ucnoqta.az\/index.php?rest_route=\/wp\/v2\/users\/1"}],"replies":[{"embeddable":true,"href":"https:\/\/ucnoqta.az\/index.php?rest_route=%2Fwp%2Fv2%2Fcomments&post=102470"}],"version-history":[{"count":0,"href":"https:\/\/ucnoqta.az\/index.php?rest_route=\/wp\/v2\/posts\/102470\/revisions"}],"wp:featuredmedia":[{"embeddable":true,"href":"https:\/\/ucnoqta.az\/index.php?rest_route=\/wp\/v2\/media\/251278"}],"wp:attachment":[{"href":"https:\/\/ucnoqta.az\/index.php?rest_route=%2Fwp%2Fv2%2Fmedia&parent=102470"}],"wp:term":[{"taxonomy":"category","embeddable":true,"href":"https:\/\/ucnoqta.az\/index.php?rest_route=%2Fwp%2Fv2%2Fcategories&post=102470"},{"taxonomy":"post_tag","embeddable":true,"href":"https:\/\/ucnoqta.az\/index.php?rest_route=%2Fwp%2Fv2%2Ftags&post=102470"}],"curies":[{"name":"wp","href":"https:\/\/api.w.org\/{rel}","templated":true}]}}