{"id":102467,"date":"2020-08-19T16:31:06","date_gmt":"2020-08-19T12:31:06","guid":{"rendered":""},"modified":"-0001-11-30T00:00:00","modified_gmt":"-0001-11-29T20:00:00","slug":"","status":"publish","type":"post","link":"https:\/\/ucnoqta.az\/?p=102467","title":{"rendered":"Tibb i\u015f\u00e7il\u0259rinin \u0259m\u0259khaqlar\u0131na veril\u0259n m\u00fcdd\u0259tli \u0259lav\u0259l\u0259rin tarixi uzad\u0131ld\u0131"},"content":{"rendered":"<p><strong>&ldquo;Yeni n&ouml;v koronavirus (COVID-19) infeksiyas\u0131 il\u0259 m&uuml;bariz\u0259 t\u0259dbirl\u0259rind\u0259 i\u015ftirak ed\u0259n tibb i\u015f&ccedil;il\u0259rinin \u0259m\u0259khaqlar\u0131na m&uuml;dd\u0259tli \u0259lav\u0259nin m&uuml;\u0259yy\u0259n edilm\u0259si bar\u0259d\u0259&rdquo; Nazirl\u0259r Kabinetinin Q\u0259rar\u0131nda d\u0259yi\u015fiklik olunub.&nbsp;<\/strong><\/p>\n<p>Bu bar\u0259d\u0259 m\u0259lumat Az\u0259rbaycan Respublikas\u0131n\u0131n Nazirl\u0259r Kabinetinin r\u0259smi sayt\u0131nda d\u0259rc edilib.<br \/>\nQ\u0259rara \u0259sas\u0259n, yeni n&ouml;v koronavirus (COVID-19) infeksiyas\u0131 il\u0259 \u0259laq\u0259li \u0259m\u0259k \u015f\u0259raitin\u0259 g&ouml;r\u0259 d&ouml;vl\u0259t tibb m&uuml;\u0259ssis\u0259l\u0259rind\u0259 &ccedil;al\u0131\u015fan i\u015f&ccedil;il\u0259rin \u0259m\u0259khaqlar\u0131na m&uuml;dd\u0259tli \u0259lav\u0259 i\u015f vaxt\u0131na m&uuml;t\u0259nasib olaraq 2020-ci il oktyabr\u0131n 1-d\u0259k olan m&uuml;dd\u0259t &uuml;&ccedil;&uuml;n &ouml;d\u0259nil\u0259c\u0259k.<\/p>\n<p>Qeyd ed\u0259k ki, bu m&uuml;dd\u0259t 2020-ci il iyulun 1-d\u0259k m&uuml;\u0259yy\u0259n edilib.<\/p>\n","protected":false},"excerpt":{"rendered":"<p>&ldquo;Yeni n&ouml;v koronavirus (COVID-19) infeksiyas\u0131 il\u0259 m&uuml;bariz\u0259 t\u0259dbirl\u0259rind\u0259 i\u015ftirak ed\u0259n tibb i\u015f&ccedil;il\u0259rinin \u0259m\u0259khaqlar\u0131na m&uuml;dd\u0259tli \u0259lav\u0259nin m&uuml;\u0259yy\u0259n edilm\u0259si bar\u0259d\u0259&rdquo; Nazirl\u0259r Kabinetinin Q\u0259rar\u0131nda d\u0259yi\u015fiklik olunub.&nbsp; Bu bar\u0259d\u0259 m\u0259lumat Az\u0259rbaycan Respublikas\u0131n\u0131n Nazirl\u0259r Kabinetinin&hellip;<\/p>\n","protected":false},"author":1,"featured_media":251278,"comment_status":"open","ping_status":"open","sticky":false,"template":"","format":"standard","meta":{"_lmt_disableupdate":"","_lmt_disable":"","footnotes":""},"categories":[],"tags":[],"class_list":["post-102467","post","type-post","status-publish","format-standard","has-post-thumbnail","hentry"],"_links":{"self":[{"href":"https:\/\/ucnoqta.az\/index.php?rest_route=\/wp\/v2\/posts\/102467","targetHints":{"allow":["GET"]}}],"collection":[{"href":"https:\/\/ucnoqta.az\/index.php?rest_route=\/wp\/v2\/posts"}],"about":[{"href":"https:\/\/ucnoqta.az\/index.php?rest_route=\/wp\/v2\/types\/post"}],"author":[{"embeddable":true,"href":"https:\/\/ucnoqta.az\/index.php?rest_route=\/wp\/v2\/users\/1"}],"replies":[{"embeddable":true,"href":"https:\/\/ucnoqta.az\/index.php?rest_route=%2Fwp%2Fv2%2Fcomments&post=102467"}],"version-history":[{"count":0,"href":"https:\/\/ucnoqta.az\/index.php?rest_route=\/wp\/v2\/posts\/102467\/revisions"}],"wp:featuredmedia":[{"embeddable":true,"href":"https:\/\/ucnoqta.az\/index.php?rest_route=\/wp\/v2\/media\/251278"}],"wp:attachment":[{"href":"https:\/\/ucnoqta.az\/index.php?rest_route=%2Fwp%2Fv2%2Fmedia&parent=102467"}],"wp:term":[{"taxonomy":"category","embeddable":true,"href":"https:\/\/ucnoqta.az\/index.php?rest_route=%2Fwp%2Fv2%2Fcategories&post=102467"},{"taxonomy":"post_tag","embeddable":true,"href":"https:\/\/ucnoqta.az\/index.php?rest_route=%2Fwp%2Fv2%2Ftags&post=102467"}],"curies":[{"name":"wp","href":"https:\/\/api.w.org\/{rel}","templated":true}]}}