{"id":102465,"date":"2020-08-19T16:01:25","date_gmt":"2020-08-19T12:01:25","guid":{"rendered":""},"modified":"-0001-11-30T00:00:00","modified_gmt":"-0001-11-29T20:00:00","slug":"","status":"publish","type":"post","link":"https:\/\/ucnoqta.az\/?p=102465","title":{"rendered":"Sabahdan b\u00fct\u00fcn m\u0259hk\u0259m\u0259 i\u015fl\u0259ri b\u0259rpa olunur"},"content":{"rendered":"<p><strong>Ali M\u0259hk\u0259m\u0259 avqustun 20-d\u0259n etibar\u0259n s\u0259rtl\u0259\u015fdirilmi\u015f x&uuml;susi karantin rejiminin t\u0259tbiq edildiyi Bak\u0131, C\u0259lilabad, G\u0259nc\u0259, Masall\u0131, Ming\u0259&ccedil;evir, Sumqay\u0131t, Yevlax&nbsp; \u015f\u0259h\u0259rl\u0259rinin v\u0259 Ab\u015feron, B\u0259rd\u0259, Goranboy, G&ouml;yg&ouml;l, Xa&ccedil;maz, Salyan rayonlar\u0131n\u0131n inzibati \u0259razisind\u0259 f\u0259aliyy\u0259t g&ouml;st\u0259r\u0259n m\u0259hk\u0259m\u0259l\u0259rd\u0259 b&uuml;t&uuml;n i\u015fl\u0259rin q\u0259bulu v\u0259 bax\u0131lmas\u0131 tam \u015f\u0259kild\u0259 b\u0259rpa olunmas\u0131na q\u0259rar verib.<\/strong><\/p>\n<p>Ali M\u0259hk\u0259m\u0259 Az\u0259rbaycan\u0131n b&uuml;t&uuml;n m\u0259hk\u0259m\u0259l\u0259rin\u0259 a\u015fa\u011f\u0131dak\u0131 t&ouml;vsiy\u0259l\u0259ri ir\u0259li s&uuml;r&uuml;b:<\/p>\n<p>&#8211; Hakiml\u0259rin v\u0259 m\u0259hk\u0259m\u0259 aparat\u0131 i\u015f&ccedil;il\u0259rinin i\u015f rejimi il\u0259 ba\u011fl\u0131 Nazirl\u0259r&nbsp; Kabineti yan\u0131nda Operativ Q\u0259rargah\u0131n t&ouml;vsiy\u0259l\u0259rind\u0259n ir\u0259li g\u0259l\u0259n dig\u0259r z\u0259ruri m\u0259s\u0259l\u0259l\u0259r h\u0259ll olunsun;<\/p>\n<p>&#8211; V\u0259t\u0259nda\u015flar\u0131n q\u0259bulu dayand\u0131r\u0131ld\u0131\u011f\u0131ndan q\u0259bul yaln\u0131z telefon, mobil v\u0259 internet rabit\u0259si vasit\u0259si il\u0259 h\u0259yata ke&ccedil;irilsin;<\/p>\n<p>&#8211; M\u0259hk\u0259m\u0259 f\u0259aliyy\u0259ti Nazirl\u0259r Kabineti yan\u0131nda Operativ Q\u0259rargah t\u0259r\u0259find\u0259n m&uuml;\u0259yy\u0259n olunan z\u0259ruri sosial davran\u0131\u015f v\u0259 sanitar-epidemioloji qaydalara uy\u011fun h\u0259yata ke&ccedil;irilsin.<\/p>\n<p>&#8211; Hakiml\u0259rin, m\u0259hk\u0259m\u0259 aparat\u0131 i\u015f&ccedil;il\u0259rinin v\u0259 v\u0259t\u0259nda\u015flar\u0131n m\u0259hk\u0259m\u0259 binalar\u0131nda olduqlar\u0131 m&uuml;dd\u0259t \u0259rzind\u0259 qoruyucu maskalardan istifad\u0259 etm\u0259l\u0259ri, \u015f\u0259xsi gigiyena, tibbi-profilaktik qaydalara, el\u0259c\u0259 d\u0259 sosial m\u0259saf\u0259y\u0259 riay\u0259t etm\u0259l\u0259ri t\u0259min olunsun.<\/p>\n<p>&#8211; M\u0259hk\u0259m\u0259l\u0259rin inzibati binalar\u0131nda m&uuml;t\u0259madi olaraq dezinfeksiya i\u015fl\u0259ri apar\u0131ls\u0131n v\u0259 qoruyucu-gigiyenik vasit\u0259l\u0259rl\u0259 t\u0259chiz edilsin.<\/p>\n","protected":false},"excerpt":{"rendered":"<p>Ali M\u0259hk\u0259m\u0259 avqustun 20-d\u0259n etibar\u0259n s\u0259rtl\u0259\u015fdirilmi\u015f x&uuml;susi karantin rejiminin t\u0259tbiq edildiyi Bak\u0131, C\u0259lilabad, G\u0259nc\u0259, Masall\u0131, Ming\u0259&ccedil;evir, Sumqay\u0131t, Yevlax&nbsp; \u015f\u0259h\u0259rl\u0259rinin v\u0259 Ab\u015feron, B\u0259rd\u0259, Goranboy, G&ouml;yg&ouml;l, Xa&ccedil;maz, Salyan rayonlar\u0131n\u0131n inzibati \u0259razisind\u0259 f\u0259aliyy\u0259t&hellip;<\/p>\n","protected":false},"author":1,"featured_media":251278,"comment_status":"open","ping_status":"open","sticky":false,"template":"","format":"standard","meta":{"_lmt_disableupdate":"","_lmt_disable":"","footnotes":""},"categories":[],"tags":[],"class_list":["post-102465","post","type-post","status-publish","format-standard","has-post-thumbnail","hentry"],"_links":{"self":[{"href":"https:\/\/ucnoqta.az\/index.php?rest_route=\/wp\/v2\/posts\/102465","targetHints":{"allow":["GET"]}}],"collection":[{"href":"https:\/\/ucnoqta.az\/index.php?rest_route=\/wp\/v2\/posts"}],"about":[{"href":"https:\/\/ucnoqta.az\/index.php?rest_route=\/wp\/v2\/types\/post"}],"author":[{"embeddable":true,"href":"https:\/\/ucnoqta.az\/index.php?rest_route=\/wp\/v2\/users\/1"}],"replies":[{"embeddable":true,"href":"https:\/\/ucnoqta.az\/index.php?rest_route=%2Fwp%2Fv2%2Fcomments&post=102465"}],"version-history":[{"count":0,"href":"https:\/\/ucnoqta.az\/index.php?rest_route=\/wp\/v2\/posts\/102465\/revisions"}],"wp:featuredmedia":[{"embeddable":true,"href":"https:\/\/ucnoqta.az\/index.php?rest_route=\/wp\/v2\/media\/251278"}],"wp:attachment":[{"href":"https:\/\/ucnoqta.az\/index.php?rest_route=%2Fwp%2Fv2%2Fmedia&parent=102465"}],"wp:term":[{"taxonomy":"category","embeddable":true,"href":"https:\/\/ucnoqta.az\/index.php?rest_route=%2Fwp%2Fv2%2Fcategories&post=102465"},{"taxonomy":"post_tag","embeddable":true,"href":"https:\/\/ucnoqta.az\/index.php?rest_route=%2Fwp%2Fv2%2Ftags&post=102465"}],"curies":[{"name":"wp","href":"https:\/\/api.w.org\/{rel}","templated":true}]}}