{"id":102464,"date":"2020-08-19T15:53:18","date_gmt":"2020-08-19T11:53:18","guid":{"rendered":""},"modified":"-0001-11-30T00:00:00","modified_gmt":"-0001-11-29T20:00:00","slug":"","status":"publish","type":"post","link":"https:\/\/ucnoqta.az\/?p=102464","title":{"rendered":"\u0130nvestisiya Holdinqinin \u0130dar\u0259 Hey\u0259tinin s\u0259dri t\u0259yin edil\u0259n M\u0259tin Eynullayev kimdir? &#8211;  <font color=red><b>DOSYE<\/b><\/font>"},"content":{"rendered":"<p><strong>X\u0259b\u0259r verdiyimiz kimi,&nbsp;Prezident \u0130lham \u018fliyevin imzalad\u0131\u011f\u0131 s\u0259r\u0259ncamla M\u0259tin Balas\u0259n o\u011flu Eynullayev Az\u0259rbaycan \u0130nvestisiya Holdinqinin \u0130dar\u0259 Hey\u0259tinin s\u0259dri t\u0259yin edilib.<\/strong><\/p>\n<p>M\u0259tin Eynullayev 1975-ci il 22 mart tarixind\u0259&nbsp;Bak\u0131&nbsp;\u015f\u0259h\u0259rind\u0259 anadan olub.<br \/>\n1992-ci ild\u0259&nbsp;Bak\u0131&nbsp;D&ouml;vl\u0259t Universitetinin h&uuml;quq fak&uuml;lt\u0259sin\u0259 daxil olub, 1997-ci ild\u0259 h\u0259min universiteti h&uuml;quq\u015f&uuml;nasl\u0131q ixtisas\u0131 &uuml;zr\u0259 f\u0259rql\u0259nm\u0259 diplomu il\u0259 bitirib.<\/p>\n<p>&ldquo;Azleks&rdquo; beyn\u0259lxalq h&uuml;quq firmas\u0131nda m&uuml;\u015favir,&nbsp;\u018fm\u0259k v\u0259 \u018fhalinin Sosial M&uuml;dafi\u0259si Nazirliyinin n\u0259zdind\u0259 \u018flill\u0259rin Sosial M&uuml;dafi\u0259 Fondunda ba\u015f h&uuml;quq\u015f&uuml;nas, Az\u0259rbaycan Respublikas\u0131 \u0130qtisadi \u0130nki\u015faf Nazirliyinin Korporativ idar\u0259etm\u0259 sektorunun ba\u015f m\u0259sl\u0259h\u0259t&ccedil;isi,&nbsp;Nazirl\u0259r Kabineti&nbsp;yan\u0131nda &ldquo;\u0130&ccedil;\u0259ri\u015f\u0259h\u0259r&rdquo; D&ouml;vl\u0259t Tarix-Memarl\u0131q Qoru\u011fu \u0130dar\u0259sinin sektor m&uuml;diri, \u015f&ouml;b\u0259 m&uuml;dirinin m&uuml;avini, \u015f&ouml;b\u0259 m&uuml;diri v\u0259zif\u0259l\u0259rind\u0259 &ccedil;al\u0131\u015f\u0131b.<\/p>\n<p>2013-2016-c\u0131 ill\u0259rd\u0259 Az\u0259rbaycan Respublikas\u0131&nbsp;T\u0259hsil Nazirliyinin Aparat r\u0259hb\u0259rinin m&uuml;avini v\u0259 Aparat r\u0259hb\u0259ri v\u0259zif\u0259l\u0259rind\u0259 &ccedil;al\u0131\u015f\u0131b.<\/p>\n<p>Az\u0259rbaycan Respublikas\u0131&nbsp;Prezidentinin 2015-ci il 22 iyun tarixli S\u0259r\u0259ncam\u0131 il\u0259 &ldquo;D&ouml;vl\u0259t qullu\u011funda f\u0259rql\u0259nm\u0259y\u0259 g&ouml;r\u0259&rdquo; medal\u0131 il\u0259 t\u0259ltif edilib. D&ouml;vl\u0259t qullu\u011funun ki&ccedil;ik m&uuml;\u015faviridir.<\/p>\n<p>Az\u0259rbaycan Respublikas\u0131&nbsp;Prezidentinin 2017-ci il 11 yanvar tarixli S\u0259r\u0259ncam\u0131 il\u0259 Az\u0259rbaycan Respublikas\u0131 t\u0259hsil nazirinin m&uuml;avini v\u0259zif\u0259sin\u0259 t\u0259yin edilib.<\/p>\n<p>Az\u0259rbaycan Respublikas\u0131&nbsp;Prezidentinin 2018-ci il 17 yanvar tarixli S\u0259r\u0259ncam\u0131 il\u0259 Az\u0259rbaycan Respublikas\u0131 vergil\u0259r nazirinin m&uuml;avini v\u0259zif\u0259sin\u0259 t\u0259yin edilib.<\/p>\n<p>M.Eynullayev 3-c&uuml; d\u0259r\u0259c\u0259li d&ouml;vl\u0259t vergi xidm\u0259ti m&uuml;\u015faviridir.<\/p>\n","protected":false},"excerpt":{"rendered":"<p>X\u0259b\u0259r verdiyimiz kimi,&nbsp;Prezident \u0130lham \u018fliyevin imzalad\u0131\u011f\u0131 s\u0259r\u0259ncamla M\u0259tin Balas\u0259n o\u011flu Eynullayev Az\u0259rbaycan \u0130nvestisiya Holdinqinin \u0130dar\u0259 Hey\u0259tinin s\u0259dri t\u0259yin edilib. M\u0259tin Eynullayev 1975-ci il 22 mart tarixind\u0259&nbsp;Bak\u0131&nbsp;\u015f\u0259h\u0259rind\u0259 anadan olub. 1992-ci ild\u0259&nbsp;Bak\u0131&nbsp;D&ouml;vl\u0259t&hellip;<\/p>\n","protected":false},"author":1,"featured_media":251278,"comment_status":"open","ping_status":"open","sticky":false,"template":"","format":"standard","meta":{"_lmt_disableupdate":"","_lmt_disable":"","footnotes":""},"categories":[],"tags":[],"class_list":["post-102464","post","type-post","status-publish","format-standard","has-post-thumbnail","hentry"],"_links":{"self":[{"href":"https:\/\/ucnoqta.az\/index.php?rest_route=\/wp\/v2\/posts\/102464","targetHints":{"allow":["GET"]}}],"collection":[{"href":"https:\/\/ucnoqta.az\/index.php?rest_route=\/wp\/v2\/posts"}],"about":[{"href":"https:\/\/ucnoqta.az\/index.php?rest_route=\/wp\/v2\/types\/post"}],"author":[{"embeddable":true,"href":"https:\/\/ucnoqta.az\/index.php?rest_route=\/wp\/v2\/users\/1"}],"replies":[{"embeddable":true,"href":"https:\/\/ucnoqta.az\/index.php?rest_route=%2Fwp%2Fv2%2Fcomments&post=102464"}],"version-history":[{"count":0,"href":"https:\/\/ucnoqta.az\/index.php?rest_route=\/wp\/v2\/posts\/102464\/revisions"}],"wp:featuredmedia":[{"embeddable":true,"href":"https:\/\/ucnoqta.az\/index.php?rest_route=\/wp\/v2\/media\/251278"}],"wp:attachment":[{"href":"https:\/\/ucnoqta.az\/index.php?rest_route=%2Fwp%2Fv2%2Fmedia&parent=102464"}],"wp:term":[{"taxonomy":"category","embeddable":true,"href":"https:\/\/ucnoqta.az\/index.php?rest_route=%2Fwp%2Fv2%2Fcategories&post=102464"},{"taxonomy":"post_tag","embeddable":true,"href":"https:\/\/ucnoqta.az\/index.php?rest_route=%2Fwp%2Fv2%2Ftags&post=102464"}],"curies":[{"name":"wp","href":"https:\/\/api.w.org\/{rel}","templated":true}]}}