{"id":102461,"date":"2020-08-19T15:32:50","date_gmt":"2020-08-19T11:32:50","guid":{"rendered":""},"modified":"-0001-11-30T00:00:00","modified_gmt":"-0001-11-29T20:00:00","slug":"","status":"publish","type":"post","link":"https:\/\/ucnoqta.az\/?p=102461","title":{"rendered":"M\u0259kt\u0259b direktorlar\u0131 il\u0259 g\u00f6r\u00fc\u015f ke\u00e7irilib"},"content":{"rendered":"<p><strong>Avqustun 19-d\u0259 T\u0259hsil nazirinin m&uuml;avini M\u0259h\u0259bb\u0259t V\u0259liyeva &ouml;lk\u0259nin m&uuml;xt\u0259lif regionlar\u0131ndan olan 30-a yax\u0131n &uuml;mumi t\u0259hsil m&uuml;\u0259ssis\u0259sinin direktorlar\u0131n\u0131n i\u015ftirak\u0131 il\u0259 videokonfrans ke&ccedil;irib.<\/strong><\/p>\n<p>Ucnoqta.az T\u0259hsil nazirliyin\u0259 istinad\u0259n x\u0259b\u0259r verir ki, g&ouml;r&uuml;\u015fd\u0259 M\u0259h\u0259bb\u0259t V\u0259liyeva koronavirus pandemiyas\u0131 d&ouml;vr&uuml;nd\u0259 2020-2021-ci t\u0259dris ilin\u0259 haz\u0131rl\u0131qla ba\u011fl\u0131 g&ouml;r&uuml;l\u0259n i\u015fl\u0259r bar\u0259d\u0259 dan\u0131\u015f\u0131b. M&uuml;xt\u0259lif t\u0259klifl\u0259r, o c&uuml;ml\u0259d\u0259n T\u0259hsil \u0130nstitutu t\u0259r\u0259find\u0259n verilmi\u015f ssenaril\u0259r v\u0259 onlar\u0131n icra mexanizmi haqq\u0131nda i\u015ftirak&ccedil;\u0131lara m\u0259lumat verilib.<\/p>\n<p>G&ouml;r&uuml;\u015f zaman\u0131 &ccedil;\u0131x\u0131\u015f ed\u0259n direktorlar 2020-2021-ci t\u0259dris ili il\u0259 ba\u011fl\u0131 &ouml;z t\u0259klifl\u0259rini bildirib, onlarda yaranan suallar\u0131 s\u0259sl\u0259ndiribl\u0259r.<\/p>\n<p>Qeyd ed\u0259k ki, g&ouml;r&uuml;\u015f&uuml;n n\u0259tic\u0259l\u0259ri t\u0259limatlar\u0131n v\u0259 metodik g&ouml;st\u0259ri\u015fl\u0259rin haz\u0131rlanmas\u0131nda n\u0259z\u0259r\u0259 al\u0131nacaq.<\/p>\n","protected":false},"excerpt":{"rendered":"<p>Avqustun 19-d\u0259 T\u0259hsil nazirinin m&uuml;avini M\u0259h\u0259bb\u0259t V\u0259liyeva &ouml;lk\u0259nin m&uuml;xt\u0259lif regionlar\u0131ndan olan 30-a yax\u0131n &uuml;mumi t\u0259hsil m&uuml;\u0259ssis\u0259sinin direktorlar\u0131n\u0131n i\u015ftirak\u0131 il\u0259 videokonfrans ke&ccedil;irib. Ucnoqta.az T\u0259hsil nazirliyin\u0259 istinad\u0259n x\u0259b\u0259r verir ki, g&ouml;r&uuml;\u015fd\u0259 M\u0259h\u0259bb\u0259t&hellip;<\/p>\n","protected":false},"author":1,"featured_media":251278,"comment_status":"open","ping_status":"open","sticky":false,"template":"","format":"standard","meta":{"_lmt_disableupdate":"","_lmt_disable":"","footnotes":""},"categories":[],"tags":[],"class_list":["post-102461","post","type-post","status-publish","format-standard","has-post-thumbnail","hentry"],"_links":{"self":[{"href":"https:\/\/ucnoqta.az\/index.php?rest_route=\/wp\/v2\/posts\/102461","targetHints":{"allow":["GET"]}}],"collection":[{"href":"https:\/\/ucnoqta.az\/index.php?rest_route=\/wp\/v2\/posts"}],"about":[{"href":"https:\/\/ucnoqta.az\/index.php?rest_route=\/wp\/v2\/types\/post"}],"author":[{"embeddable":true,"href":"https:\/\/ucnoqta.az\/index.php?rest_route=\/wp\/v2\/users\/1"}],"replies":[{"embeddable":true,"href":"https:\/\/ucnoqta.az\/index.php?rest_route=%2Fwp%2Fv2%2Fcomments&post=102461"}],"version-history":[{"count":0,"href":"https:\/\/ucnoqta.az\/index.php?rest_route=\/wp\/v2\/posts\/102461\/revisions"}],"wp:featuredmedia":[{"embeddable":true,"href":"https:\/\/ucnoqta.az\/index.php?rest_route=\/wp\/v2\/media\/251278"}],"wp:attachment":[{"href":"https:\/\/ucnoqta.az\/index.php?rest_route=%2Fwp%2Fv2%2Fmedia&parent=102461"}],"wp:term":[{"taxonomy":"category","embeddable":true,"href":"https:\/\/ucnoqta.az\/index.php?rest_route=%2Fwp%2Fv2%2Fcategories&post=102461"},{"taxonomy":"post_tag","embeddable":true,"href":"https:\/\/ucnoqta.az\/index.php?rest_route=%2Fwp%2Fv2%2Ftags&post=102461"}],"curies":[{"name":"wp","href":"https:\/\/api.w.org\/{rel}","templated":true}]}}