{"id":102460,"date":"2020-08-19T15:20:03","date_gmt":"2020-08-19T11:20:03","guid":{"rendered":""},"modified":"-0001-11-30T00:00:00","modified_gmt":"-0001-11-29T20:00:00","slug":"","status":"publish","type":"post","link":"https:\/\/ucnoqta.az\/?p=102460","title":{"rendered":"T\u0259hsil Nazirliyind\u0259 yeni <font color=red><b>T\u018fY\u0130NAT<\/b><\/font>"},"content":{"rendered":"<p><strong>T\u0259hsil naziri Emin \u018fmrullayev daha bir m&uuml;\u015favir t\u0259yinat\u0131 il\u0259 ba\u011fl\u0131 \u0259mr imzalay\u0131b.&nbsp;<\/strong><\/p>\n<p>Nazirin \u0259mri il\u0259 bu v\u0259zif\u0259y\u0259 R&uuml;st\u0259m A\u011fayev t\u0259yin olunub.<br \/>\nBununla da, E.\u018fmrullayevin m&uuml;\u015favirl\u0259rinin say\u0131 art\u0131b.<\/p>\n<p>Daha \u0259vv\u0259l Simuz\u0259r Feyzullayeva da T\u0259hsil nazirinin m&uuml;\u015faviri v\u0259zif\u0259sin\u0259 t\u0259yin olunub.<br \/>\nQeyd ed\u0259k ki, R.A\u011fayev 2003-c&uuml; ild\u0259 Sankt-Peterburq D&ouml;vl\u0259t Pediatriya Tibb Akademiyas\u0131nda Pediatriya ixtisas\u0131 &uuml;zr\u0259 t\u0259hsil al\u0131b, 2015-ci ild\u0259 Az\u0259rbaycan Respublikas\u0131n\u0131n Prezidenti yan\u0131nda Ali Attestasiya Komissiyas\u0131n\u0131n q\u0259rar\u0131 il\u0259 Tibb &uuml;zr\u0259 F\u0259ls\u0259f\u0259 doktoru elmi d\u0259r\u0259c\u0259sini \u0259ld\u0259 edib. O, 2017-2019-cu ill\u0259rd\u0259 Bak\u0131 \u015e\u0259h\u0259ri &uuml;zr\u0259 T\u0259hsil \u0130dar\u0259sind\u0259 T\u0259lim\u0259 D\u0259st\u0259k M\u0259rk\u0259zinin direktor m&uuml;avini, 2019-2020-ci ill\u0259rd\u0259 \u018fm\u0259k v\u0259 \u018fhalinin Sosial M&uuml;dafi\u0259si Nazirliyind\u0259 nazirin m&uuml;\u015faviri, 10 iyul 2020-ci il tarixind\u0259n D&ouml;vl\u0259t Tibbi-Sosial Ekspertiza v\u0259 Reablitasiya Agentliyinin \u0130dar\u0259 Hey\u0259tinin s\u0259drinin m&uuml;avini v\u0259zif\u0259l\u0259rind\u0259 &ccedil;al\u0131\u015f\u0131b.\/\/\/report<\/p>\n","protected":false},"excerpt":{"rendered":"<p>T\u0259hsil naziri Emin \u018fmrullayev daha bir m&uuml;\u015favir t\u0259yinat\u0131 il\u0259 ba\u011fl\u0131 \u0259mr imzalay\u0131b.&nbsp; Nazirin \u0259mri il\u0259 bu v\u0259zif\u0259y\u0259 R&uuml;st\u0259m A\u011fayev t\u0259yin olunub. Bununla da, E.\u018fmrullayevin m&uuml;\u015favirl\u0259rinin say\u0131 art\u0131b. Daha \u0259vv\u0259l Simuz\u0259r&hellip;<\/p>\n","protected":false},"author":1,"featured_media":251278,"comment_status":"open","ping_status":"open","sticky":false,"template":"","format":"standard","meta":{"_lmt_disableupdate":"","_lmt_disable":"","footnotes":""},"categories":[],"tags":[],"class_list":["post-102460","post","type-post","status-publish","format-standard","has-post-thumbnail","hentry"],"_links":{"self":[{"href":"https:\/\/ucnoqta.az\/index.php?rest_route=\/wp\/v2\/posts\/102460","targetHints":{"allow":["GET"]}}],"collection":[{"href":"https:\/\/ucnoqta.az\/index.php?rest_route=\/wp\/v2\/posts"}],"about":[{"href":"https:\/\/ucnoqta.az\/index.php?rest_route=\/wp\/v2\/types\/post"}],"author":[{"embeddable":true,"href":"https:\/\/ucnoqta.az\/index.php?rest_route=\/wp\/v2\/users\/1"}],"replies":[{"embeddable":true,"href":"https:\/\/ucnoqta.az\/index.php?rest_route=%2Fwp%2Fv2%2Fcomments&post=102460"}],"version-history":[{"count":0,"href":"https:\/\/ucnoqta.az\/index.php?rest_route=\/wp\/v2\/posts\/102460\/revisions"}],"wp:featuredmedia":[{"embeddable":true,"href":"https:\/\/ucnoqta.az\/index.php?rest_route=\/wp\/v2\/media\/251278"}],"wp:attachment":[{"href":"https:\/\/ucnoqta.az\/index.php?rest_route=%2Fwp%2Fv2%2Fmedia&parent=102460"}],"wp:term":[{"taxonomy":"category","embeddable":true,"href":"https:\/\/ucnoqta.az\/index.php?rest_route=%2Fwp%2Fv2%2Fcategories&post=102460"},{"taxonomy":"post_tag","embeddable":true,"href":"https:\/\/ucnoqta.az\/index.php?rest_route=%2Fwp%2Fv2%2Ftags&post=102460"}],"curies":[{"name":"wp","href":"https:\/\/api.w.org\/{rel}","templated":true}]}}