{"id":102455,"date":"2020-08-19T14:39:39","date_gmt":"2020-08-19T10:39:39","guid":{"rendered":""},"modified":"-0001-11-30T00:00:00","modified_gmt":"-0001-11-29T20:00:00","slug":"","status":"publish","type":"post","link":"https:\/\/ucnoqta.az\/?p=102455","title":{"rendered":"&#8220;Pay\u0131z f\u0259sli virusun inki\u015faf\u0131 \u00fc\u00e7\u00fcn \u0259lveri\u015fli d\u00f6vrd\u00fcr&#8221;- <font color=red><b>Ba\u015f infeksionist<\/b><\/font>"},"content":{"rendered":"<p><strong>&Ouml;lk\u0259d\u0259 koronavirus pandemiyas\u0131n\u0131n ikinci dal\u011fas\u0131n\u0131n ba\u015f verm\u0259m\u0259si &uuml;&ccedil;&uuml;n biz\u0259 t&ouml;vsiy\u0259 olunan v\u0259 qoyulan qaydalara riay\u0259t etm\u0259liyik.<\/strong><\/p>\n<p>Ucnoqta.az x\u0259b\u0259r verir ki, bunu Trend-\u0259 a&ccedil;\u0131qlamas\u0131nda Az\u0259rbaycan\u0131n ba\u015f infeksionisti C\u0259lal \u0130sayev deyib. Onun s&ouml;zl\u0259rin\u0259 g&ouml;r\u0259, x\u0259st\u0259liyin yenid\u0259n k\u0259skinl\u0259\u015f\u0259c\u0259yi il\u0259 ba\u011fl\u0131 problem b&uuml;t&uuml;n d&uuml;nyan\u0131 narahat edir:<\/p>\n<p>&ldquo;Koronavirusun ikinci dal\u011fas\u0131 bar\u0259d\u0259 s&ouml;hb\u0259tl\u0259r t\u0259k Az\u0259rbaycanda deyil, b&uuml;t&uuml;n d&uuml;nyada gedir. B\u0259li, \u0259g\u0259r yoluxma varsa, artma ehtimal\u0131 da var, ancaq haz\u0131rda bu bar\u0259d\u0259 proqnozlar verm\u0259k tezdir. H\u0259r \u015fey &ouml;z&uuml;m&uuml;zd\u0259n as\u0131l\u0131d\u0131r, qoyulan t\u0259l\u0259bl\u0259r\u0259 riay\u0259t ets\u0259k, bu olmaya da bil\u0259r&rdquo;.<\/p>\n<p>C.\u0130sayev x\u0259st\u0259liyin niy\u0259 m\u0259hz pay\u0131z aylar\u0131nda arta bil\u0259c\u0259yi bar\u0259d\u0259 suala da ayd\u0131nl\u0131q g\u0259tirib. Onun s&ouml;zl\u0259rin\u0259 g&ouml;r\u0259, koronavirus soyuq temperatura d&ouml;z&uuml;ml&uuml;d&uuml;r: &ldquo;Bu aylarda b\u0259d\u0259nin m&uuml;hit\u0259 uy\u011funla\u015fmas\u0131 ba\u015f verir v\u0259 orqanizmd\u0259 m&uuml;\u0259yy\u0259n geril\u0259m\u0259l\u0259r ola bil\u0259r. H\u0259m&ccedil;inin pay\u0131zda dig\u0259r infeksiyalar\u0131n ba\u015f qald\u0131rmas\u0131 v\u0259 orqanizmi z\u0259ifl\u0259d\u0259n faktorlar\u0131n artmas\u0131 bu x\u0259st\u0259liyin inki\u015faf\u0131na \u015f\u0259rait yarada bil\u0259r. Ona g&ouml;r\u0259 d\u0259 pay\u0131z f\u0259sli virusun inki\u015faf\u0131 &uuml;&ccedil;&uuml;n \u0259lveri\u015fli d&ouml;vrd&uuml;r&rdquo;.<\/p>\n","protected":false},"excerpt":{"rendered":"<p>&Ouml;lk\u0259d\u0259 koronavirus pandemiyas\u0131n\u0131n ikinci dal\u011fas\u0131n\u0131n ba\u015f verm\u0259m\u0259si &uuml;&ccedil;&uuml;n biz\u0259 t&ouml;vsiy\u0259 olunan v\u0259 qoyulan qaydalara riay\u0259t etm\u0259liyik. Ucnoqta.az x\u0259b\u0259r verir ki, bunu Trend-\u0259 a&ccedil;\u0131qlamas\u0131nda Az\u0259rbaycan\u0131n ba\u015f infeksionisti C\u0259lal \u0130sayev deyib. Onun&hellip;<\/p>\n","protected":false},"author":1,"featured_media":251278,"comment_status":"open","ping_status":"open","sticky":false,"template":"","format":"standard","meta":{"_lmt_disableupdate":"","_lmt_disable":"","footnotes":""},"categories":[101],"tags":[],"class_list":["post-102455","post","type-post","status-publish","format-standard","has-post-thumbnail","hentry","category-cemiyyet"],"_links":{"self":[{"href":"https:\/\/ucnoqta.az\/index.php?rest_route=\/wp\/v2\/posts\/102455","targetHints":{"allow":["GET"]}}],"collection":[{"href":"https:\/\/ucnoqta.az\/index.php?rest_route=\/wp\/v2\/posts"}],"about":[{"href":"https:\/\/ucnoqta.az\/index.php?rest_route=\/wp\/v2\/types\/post"}],"author":[{"embeddable":true,"href":"https:\/\/ucnoqta.az\/index.php?rest_route=\/wp\/v2\/users\/1"}],"replies":[{"embeddable":true,"href":"https:\/\/ucnoqta.az\/index.php?rest_route=%2Fwp%2Fv2%2Fcomments&post=102455"}],"version-history":[{"count":0,"href":"https:\/\/ucnoqta.az\/index.php?rest_route=\/wp\/v2\/posts\/102455\/revisions"}],"wp:featuredmedia":[{"embeddable":true,"href":"https:\/\/ucnoqta.az\/index.php?rest_route=\/wp\/v2\/media\/251278"}],"wp:attachment":[{"href":"https:\/\/ucnoqta.az\/index.php?rest_route=%2Fwp%2Fv2%2Fmedia&parent=102455"}],"wp:term":[{"taxonomy":"category","embeddable":true,"href":"https:\/\/ucnoqta.az\/index.php?rest_route=%2Fwp%2Fv2%2Fcategories&post=102455"},{"taxonomy":"post_tag","embeddable":true,"href":"https:\/\/ucnoqta.az\/index.php?rest_route=%2Fwp%2Fv2%2Ftags&post=102455"}],"curies":[{"name":"wp","href":"https:\/\/api.w.org\/{rel}","templated":true}]}}