{"id":102450,"date":"2020-08-19T13:10:14","date_gmt":"2020-08-19T09:10:14","guid":{"rendered":""},"modified":"-0001-11-30T00:00:00","modified_gmt":"-0001-11-29T20:00:00","slug":"","status":"publish","type":"post","link":"https:\/\/ucnoqta.az\/?p=102450","title":{"rendered":"Polis Sabirabadda reyd ke\u00e7irilib- <font color=red><b>5 n\u0259f\u0259r c\u0259rim\u0259l\u0259nib<\/b><\/font>"},"content":{"rendered":"<p><strong>Sabirabad Rayon Polis \u015e&ouml;b\u0259sinin \u0259m\u0259kda\u015flar\u0131 t\u0259r\u0259find\u0259n &ouml;lk\u0259d\u0259 elan edil\u0259n karantin rejiminin qaydalar\u0131na rayon \u0259razisind\u0259 riay\u0259t edilm\u0259si istiqam\u0259tind\u0259 m&uuml;t\u0259madi olaraq t\u0259dbirl\u0259r davam etdirilir.<\/strong><\/p>\n<p>D\u0130N-in M\u0259tbuat Xidm\u0259tinin B\u0259rd\u0259 regional qrupundan Ucnoqta.az-a veril\u0259n m\u0259lumata g&ouml;r\u0259, polis \u0259m\u0259kda\u015flar\u0131 t\u0259r\u0259find\u0259n qapal\u0131 m\u0259kanlarda karantin qaydalar\u0131n\u0131n t\u0259l\u0259bl\u0259rin\u0259 riay\u0259t etm\u0259y\u0259nl\u0259r\u0259 qar\u015f\u0131 reyd ke&ccedil;irilib.<\/p>\n<p>Reydl\u0259r zaman\u0131 maska v\u0259 \u0259lc\u0259kd\u0259n istifad\u0259 etm\u0259y\u0259n sat\u0131c\u0131lar v\u0259 m&uuml;\u015ft\u0259ril\u0259rl\u0259 maarifl\u0259ndirici s\u0259pkid\u0259 s&ouml;hb\u0259tl\u0259r apar\u0131l\u0131b.<\/p>\n<p>Onlara koronavirus pandemiyas\u0131n\u0131n s\u0259b\u0259b ola bil\u0259c\u0259yi t\u0259hl&uuml;k\u0259l\u0259r bar\u0259d\u0259 m\u0259lumat verilib, karantin qaydalar\u0131na riay\u0259t edilm\u0259sinin vacibliyi diqq\u0259t\u0259 &ccedil;atd\u0131r\u0131l\u0131b. Eyni zamanda qayda pozuntusuna yol vermi\u015f 5 n\u0259f\u0259r \u015f\u0259xs bar\u0259sind\u0259 \u0130nzibati X\u0259talar M\u0259c\u0259ll\u0259sinin m&uuml;vafiq madd\u0259si il\u0259 protokollar t\u0259rtib olunaraq c\u0259rim\u0259 edilibl\u0259r.<\/p>\n","protected":false},"excerpt":{"rendered":"<p>Sabirabad Rayon Polis \u015e&ouml;b\u0259sinin \u0259m\u0259kda\u015flar\u0131 t\u0259r\u0259find\u0259n &ouml;lk\u0259d\u0259 elan edil\u0259n karantin rejiminin qaydalar\u0131na rayon \u0259razisind\u0259 riay\u0259t edilm\u0259si istiqam\u0259tind\u0259 m&uuml;t\u0259madi olaraq t\u0259dbirl\u0259r davam etdirilir. D\u0130N-in M\u0259tbuat Xidm\u0259tinin B\u0259rd\u0259 regional qrupundan Ucnoqta.az-a veril\u0259n&hellip;<\/p>\n","protected":false},"author":1,"featured_media":251278,"comment_status":"open","ping_status":"open","sticky":false,"template":"","format":"standard","meta":{"_lmt_disableupdate":"","_lmt_disable":"","footnotes":""},"categories":[],"tags":[],"class_list":["post-102450","post","type-post","status-publish","format-standard","has-post-thumbnail","hentry"],"_links":{"self":[{"href":"https:\/\/ucnoqta.az\/index.php?rest_route=\/wp\/v2\/posts\/102450","targetHints":{"allow":["GET"]}}],"collection":[{"href":"https:\/\/ucnoqta.az\/index.php?rest_route=\/wp\/v2\/posts"}],"about":[{"href":"https:\/\/ucnoqta.az\/index.php?rest_route=\/wp\/v2\/types\/post"}],"author":[{"embeddable":true,"href":"https:\/\/ucnoqta.az\/index.php?rest_route=\/wp\/v2\/users\/1"}],"replies":[{"embeddable":true,"href":"https:\/\/ucnoqta.az\/index.php?rest_route=%2Fwp%2Fv2%2Fcomments&post=102450"}],"version-history":[{"count":0,"href":"https:\/\/ucnoqta.az\/index.php?rest_route=\/wp\/v2\/posts\/102450\/revisions"}],"wp:featuredmedia":[{"embeddable":true,"href":"https:\/\/ucnoqta.az\/index.php?rest_route=\/wp\/v2\/media\/251278"}],"wp:attachment":[{"href":"https:\/\/ucnoqta.az\/index.php?rest_route=%2Fwp%2Fv2%2Fmedia&parent=102450"}],"wp:term":[{"taxonomy":"category","embeddable":true,"href":"https:\/\/ucnoqta.az\/index.php?rest_route=%2Fwp%2Fv2%2Fcategories&post=102450"},{"taxonomy":"post_tag","embeddable":true,"href":"https:\/\/ucnoqta.az\/index.php?rest_route=%2Fwp%2Fv2%2Ftags&post=102450"}],"curies":[{"name":"wp","href":"https:\/\/api.w.org\/{rel}","templated":true}]}}