{"id":102448,"date":"2020-08-19T12:49:57","date_gmt":"2020-08-19T08:49:57","guid":{"rendered":""},"modified":"-0001-11-30T00:00:00","modified_gmt":"-0001-11-29T20:00:00","slug":"","status":"publish","type":"post","link":"https:\/\/ucnoqta.az\/?p=102448","title":{"rendered":"Neymar karyeras\u0131n\u0131n \u0259n b\u00f6y\u00fck s\u0259hvini etdi"},"content":{"rendered":"<p><strong>Neymar&nbsp;UEFA &Ccedil;empionlar Liqas\u0131n\u0131n yar\u0131mfinal mat&ccedil;\u0131 sonras\u0131&nbsp;&ldquo;Leyptsiq&rdquo;in h&uuml;cum&ccedil;usu&nbsp;Marsel Halstenberq&nbsp;il\u0259 formas\u0131n\u0131 d\u0259yi\u015fdiyi &uuml;&ccedil;&uuml;n c\u0259rim\u0259l\u0259n\u0259 bil\u0259r.<\/strong><\/p>\n<p>&Ouml;t\u0259n gec\u0259 ba\u015f tutan &ldquo;Paris Sen-Jermen&rdquo; &#8211; &ldquo;Leyptsiq&rdquo; qar\u015f\u0131la\u015fmas\u0131ndan sonra Neymar v\u0259 r\u0259qib komandan\u0131n oyun&ccedil;usu formalar\u0131n\u0131 d\u0259yi\u015fib.<\/p>\n<p>Braziliyal\u0131 oyun&ccedil;unun koronavirus qaydalar\u0131n\u0131 pozdu\u011funa g&ouml;r\u0259 &Ccedil;empionlar Liqas\u0131 final\u0131na burax\u0131lmama riski var.<\/p>\n<p>&Ccedil;empionlar Liqas\u0131 ba\u015flamazdan \u0259vv\u0259l veril\u0259n m\u0259lumatlara g&ouml;r\u0259, formalar\u0131n\u0131 d\u0259yi\u015f\u0259n oyun&ccedil;ular bir oyun c\u0259zas\u0131 almal\u0131 v\u0259 12 g&uuml;n \u0259rzind\u0259 &ouml;z&uuml;n&uuml; t\u0259crid etm\u0259k m\u0259cburiyy\u0259tind\u0259dirl\u0259r.<\/p>\n<p>Qeyd ed\u0259k ki,&nbsp;PSJ avqustun 23-&uuml; ba\u015f tutacaq finalda bu g&uuml;n ke&ccedil;iril\u0259c\u0259k&nbsp;&quot;Lion&quot; (Fransa) &#8211; &quot;Bavariya&quot; (Almaniya)&nbsp;c&uuml;t&uuml;n&uuml;n qalibi il\u0259 qar\u015f\u0131la\u015facaq.\/\/\/Offsideplus.az<\/p>\n","protected":false},"excerpt":{"rendered":"<p>Neymar&nbsp;UEFA &Ccedil;empionlar Liqas\u0131n\u0131n yar\u0131mfinal mat&ccedil;\u0131 sonras\u0131&nbsp;&ldquo;Leyptsiq&rdquo;in h&uuml;cum&ccedil;usu&nbsp;Marsel Halstenberq&nbsp;il\u0259 formas\u0131n\u0131 d\u0259yi\u015fdiyi &uuml;&ccedil;&uuml;n c\u0259rim\u0259l\u0259n\u0259 bil\u0259r. &Ouml;t\u0259n gec\u0259 ba\u015f tutan &ldquo;Paris Sen-Jermen&rdquo; &#8211; &ldquo;Leyptsiq&rdquo; qar\u015f\u0131la\u015fmas\u0131ndan sonra Neymar v\u0259 r\u0259qib komandan\u0131n oyun&ccedil;usu formalar\u0131n\u0131 d\u0259yi\u015fib.&hellip;<\/p>\n","protected":false},"author":1,"featured_media":251278,"comment_status":"open","ping_status":"open","sticky":false,"template":"","format":"standard","meta":{"_lmt_disableupdate":"","_lmt_disable":"","footnotes":""},"categories":[90],"tags":[],"class_list":["post-102448","post","type-post","status-publish","format-standard","has-post-thumbnail","hentry","category-idman-butun-xeberler"],"_links":{"self":[{"href":"https:\/\/ucnoqta.az\/index.php?rest_route=\/wp\/v2\/posts\/102448","targetHints":{"allow":["GET"]}}],"collection":[{"href":"https:\/\/ucnoqta.az\/index.php?rest_route=\/wp\/v2\/posts"}],"about":[{"href":"https:\/\/ucnoqta.az\/index.php?rest_route=\/wp\/v2\/types\/post"}],"author":[{"embeddable":true,"href":"https:\/\/ucnoqta.az\/index.php?rest_route=\/wp\/v2\/users\/1"}],"replies":[{"embeddable":true,"href":"https:\/\/ucnoqta.az\/index.php?rest_route=%2Fwp%2Fv2%2Fcomments&post=102448"}],"version-history":[{"count":0,"href":"https:\/\/ucnoqta.az\/index.php?rest_route=\/wp\/v2\/posts\/102448\/revisions"}],"wp:featuredmedia":[{"embeddable":true,"href":"https:\/\/ucnoqta.az\/index.php?rest_route=\/wp\/v2\/media\/251278"}],"wp:attachment":[{"href":"https:\/\/ucnoqta.az\/index.php?rest_route=%2Fwp%2Fv2%2Fmedia&parent=102448"}],"wp:term":[{"taxonomy":"category","embeddable":true,"href":"https:\/\/ucnoqta.az\/index.php?rest_route=%2Fwp%2Fv2%2Fcategories&post=102448"},{"taxonomy":"post_tag","embeddable":true,"href":"https:\/\/ucnoqta.az\/index.php?rest_route=%2Fwp%2Fv2%2Ftags&post=102448"}],"curies":[{"name":"wp","href":"https:\/\/api.w.org\/{rel}","templated":true}]}}