{"id":102444,"date":"2020-08-19T12:18:59","date_gmt":"2020-08-19T08:18:59","guid":{"rendered":""},"modified":"-0001-11-30T00:00:00","modified_gmt":"-0001-11-29T20:00:00","slug":"","status":"publish","type":"post","link":"https:\/\/ucnoqta.az\/?p=102444","title":{"rendered":"H\u0259s\u0259n Seyidb\u0259ylinin 100 illik yubileyi qeyd edil\u0259c\u0259k &#8211; <font color=red><b>S\u0259r\u0259ncam<\/b><\/font>"},"content":{"rendered":"<p><strong>Prezident \u0130lham \u018fliyev H\u0259s\u0259n Seyidb\u0259ylinin 100 illik yubileyinin qeyd edilm\u0259si haqq\u0131nda s\u0259r\u0259ncam imzalay\u0131b.<\/strong><\/p>\n<p>2020-ci ilin dekabr ay\u0131nda Az\u0259rbaycan m\u0259d\u0259niyy\u0259tinin tan\u0131nm\u0131\u015f n&uuml;may\u0259nd\u0259si, kinodramaturq, rejissor v\u0259 ssenarist, Xalq artisti H\u0259s\u0259n Mehdi o\u011flu Seyidb\u0259ylinin anadan olmas\u0131n\u0131n 100 illiyi tamam olur.<\/p>\n<p>H\u0259s\u0259n Seyidb\u0259yli ssenari m&uuml;\u0259llifi oldu\u011fu v\u0259 rejissor kimi qurulu\u015f verdiyi y&uuml;ks\u0259k b\u0259dii keyfiyy\u0259t\u0259 malik, el\u0259c\u0259 d\u0259 ifad\u0259 vasit\u0259l\u0259rinin r\u0259ngar\u0259ngliyi v\u0259 s&uuml;jet x\u0259ttinin dol\u011funlu\u011fu bax\u0131m\u0131ndan se&ccedil;il\u0259n filml\u0259rl\u0259 Az\u0259rbaycan\u0131n kino s\u0259n\u0259ti salnam\u0259sin\u0259 yeni s\u0259hif\u0259l\u0259r yazm\u0131\u015fd\u0131r. Onun h\u0259yat h\u0259qiq\u0259tl\u0259rin\u0259 s\u0259daq\u0259tl\u0259 yarad\u0131lan v\u0259 m\u0259n\u0259vi z\u0259nginlik, \u0259xlaqi safl\u0131q, d\u0259rin z&ouml;vq a\u015f\u0131layan u\u011furlu ekran \u0259s\u0259rl\u0259ri, x&uuml;susil\u0259 &ldquo;N\u0259simi&rdquo; tarixi b\u0259dii filmi milli kinematoqrafiyan\u0131n nailiyy\u0259tl\u0259ri s\u0131ras\u0131nda &ouml;z&uuml;n\u0259m\u0259xsus layiqli yer tutur. H\u0259s\u0259n Seyidb\u0259yli Az\u0259rbaycan Kinematoqraf&ccedil;\u0131lar \u0130ttifaq\u0131na r\u0259hb\u0259rlik etdiyi uzun ill\u0259r \u0259rzind\u0259 d&uuml;nya kinosunun qabaqc\u0131l t\u0259cr&uuml;b\u0259sind\u0259n laz\u0131m\u0131nca b\u0259hr\u0259l\u0259nm\u0259kl\u0259 respublikada kinematoqrafiya f\u0259aliyy\u0259tinin t\u0259\u015fkilin\u0259 v\u0259 kino s\u0259n\u0259tinin inki\u015faf\u0131na \u0259h\u0259miyy\u0259tli t&ouml;hf\u0259l\u0259r vermi\u015fdir. Meydana g\u0259tirdiyi sanball\u0131 n\u0259sr n&uuml;mun\u0259l\u0259ri H\u0259s\u0259n Seyidb\u0259yliy\u0259 \u0259d\u0259biyyat al\u0259mind\u0259 geni\u015f \u015f&ouml;hr\u0259t qazand\u0131rm\u0131\u015fd\u0131r.<\/p>\n<p>S\u0259r\u0259ncamda qeyd edilir ki, Az\u0259rbaycan Respublikas\u0131n\u0131n M\u0259d\u0259niyy\u0259t Nazirliyi, Az\u0259rbaycan Respublikas\u0131 Kinematoqraf&ccedil;\u0131lar \u0130ttifaq\u0131n\u0131n v\u0259 Az\u0259rbaycan Yaz\u0131&ccedil;\u0131lar Birliyinin t\u0259klifl\u0259rini n\u0259z\u0259r\u0259 almaqla, Xalq artisti H\u0259s\u0259n Seyidb\u0259ylinin 100 illik yubileyin\u0259 h\u0259sr olunmu\u015f t\u0259dbirl\u0259r plan\u0131n\u0131 haz\u0131rlay\u0131b h\u0259yata ke&ccedil;irsin.<\/p>\n<p>Nazirl\u0259r Kabineti bu S\u0259r\u0259ncamdan ir\u0259li g\u0259l\u0259n m\u0259s\u0259l\u0259l\u0259ri h\u0259ll ed\u0259c\u0259k.<\/p>\n","protected":false},"excerpt":{"rendered":"<p>Prezident \u0130lham \u018fliyev H\u0259s\u0259n Seyidb\u0259ylinin 100 illik yubileyinin qeyd edilm\u0259si haqq\u0131nda s\u0259r\u0259ncam imzalay\u0131b. 2020-ci ilin dekabr ay\u0131nda Az\u0259rbaycan m\u0259d\u0259niyy\u0259tinin tan\u0131nm\u0131\u015f n&uuml;may\u0259nd\u0259si, kinodramaturq, rejissor v\u0259 ssenarist, Xalq artisti H\u0259s\u0259n Mehdi o\u011flu&hellip;<\/p>\n","protected":false},"author":1,"featured_media":251278,"comment_status":"open","ping_status":"open","sticky":false,"template":"","format":"standard","meta":{"_lmt_disableupdate":"","_lmt_disable":"","footnotes":""},"categories":[],"tags":[],"class_list":["post-102444","post","type-post","status-publish","format-standard","has-post-thumbnail","hentry"],"_links":{"self":[{"href":"https:\/\/ucnoqta.az\/index.php?rest_route=\/wp\/v2\/posts\/102444","targetHints":{"allow":["GET"]}}],"collection":[{"href":"https:\/\/ucnoqta.az\/index.php?rest_route=\/wp\/v2\/posts"}],"about":[{"href":"https:\/\/ucnoqta.az\/index.php?rest_route=\/wp\/v2\/types\/post"}],"author":[{"embeddable":true,"href":"https:\/\/ucnoqta.az\/index.php?rest_route=\/wp\/v2\/users\/1"}],"replies":[{"embeddable":true,"href":"https:\/\/ucnoqta.az\/index.php?rest_route=%2Fwp%2Fv2%2Fcomments&post=102444"}],"version-history":[{"count":0,"href":"https:\/\/ucnoqta.az\/index.php?rest_route=\/wp\/v2\/posts\/102444\/revisions"}],"wp:featuredmedia":[{"embeddable":true,"href":"https:\/\/ucnoqta.az\/index.php?rest_route=\/wp\/v2\/media\/251278"}],"wp:attachment":[{"href":"https:\/\/ucnoqta.az\/index.php?rest_route=%2Fwp%2Fv2%2Fmedia&parent=102444"}],"wp:term":[{"taxonomy":"category","embeddable":true,"href":"https:\/\/ucnoqta.az\/index.php?rest_route=%2Fwp%2Fv2%2Fcategories&post=102444"},{"taxonomy":"post_tag","embeddable":true,"href":"https:\/\/ucnoqta.az\/index.php?rest_route=%2Fwp%2Fv2%2Ftags&post=102444"}],"curies":[{"name":"wp","href":"https:\/\/api.w.org\/{rel}","templated":true}]}}