{"id":102440,"date":"2020-08-19T11:28:26","date_gmt":"2020-08-19T07:28:26","guid":{"rendered":""},"modified":"-0001-11-30T00:00:00","modified_gmt":"-0001-11-29T20:00:00","slug":"","status":"publish","type":"post","link":"https:\/\/ucnoqta.az\/?p=102440","title":{"rendered":"A\u011fstafada n\u00f6vb\u0259ti kadr t\u0259yinatlar\u0131 olub"},"content":{"rendered":"<p><strong>A\u011fstafa rayonunda apar\u0131lan kadr islahatlar\u0131 &ccedil;\u0259r&ccedil;iv\u0259sind\u0259 n&ouml;vb\u0259ti t\u0259yinatlar olub.<\/strong><\/p>\n<p>Ucnoqta.az&nbsp;x\u0259b\u0259r verir ki, A\u011fstafa Rayon Statistika \u0130dar\u0259sinin r\u0259isi K\u0259nan \u0130brahimov ba\u015f&ccedil;\u0131n\u0131n m&uuml;avini &#8211; Sosial-iqtisadi inki\u015faf\u0131n t\u0259hlili v\u0259 proqnozla\u015fd\u0131r\u0131lmas\u0131 \u015f&ouml;b\u0259sinin m&uuml;diri, Yeni Az\u0259rbaycan Partiyas\u0131n\u0131n A\u011fstafa rayon T\u0259\u015fkilat\u0131n\u0131n m\u0259sl\u0259h\u0259t&ccedil;isi N\u0259simi Hac\u0131yev h\u0259min \u015f&ouml;b\u0259y\u0259 apar\u0131c\u0131 m\u0259sl\u0259h\u0259t&ccedil;i, Yeni Az\u0259rbaycan Partiyas\u0131n\u0131n A\u011fstafa rayon T\u0259\u015fkilat\u0131n\u0131n aparat r\u0259hb\u0259ri v\u0259zif\u0259sin\u0259 Ta\u011f\u0131 \u0130mamverdiyev, A\u011fstafa Rayon G\u0259ncl\u0259r v\u0259 \u0130dman \u0130dar\u0259sinin r\u0259isi Feyruz H\u0259s\u0259nov rayon Statistika \u0130dar\u0259sinin r\u0259isi, A\u011fstafa R\u0130H ba\u015f&ccedil;\u0131s\u0131 aparat\u0131n\u0131n \u0130ctimai-siyasi v\u0259 humanitar m\u0259s\u0259l\u0259l\u0259r \u015f&ouml;b\u0259sinin m&uuml;dir m&uuml;avini &ndash; dini qurumlarla i\u015fin t\u0259\u015fkilat&ccedil;\u0131s\u0131 \u018fziz M\u0259smal\u0131yev Rayon G\u0259ncl\u0259r v\u0259 \u0130dman \u0130dar\u0259sinin r\u0259isi, Qabil M\u0259mm\u0259dov A\u011fstafa Suvarma Sisteml\u0259ri \u0130dar\u0259sinin r\u0259isi, Naqif Mehdiyev A\u011fstafa R\u0130H ba\u015f&ccedil;\u0131s\u0131 aparat\u0131n\u0131n \u0130nformasiya t\u0259minat\u0131 v\u0259 t\u0259hlil sektorunun m&uuml;diri, Zakir N\u0259sibov A\u011fstafa R\u0130H ba\u015f&ccedil;\u0131s\u0131 aparat\u0131nda Yetkinlik ya\u015f\u0131na &ccedil;atmayanlar\u0131n i\u015fl\u0259ri v\u0259 h&uuml;quqlar\u0131n\u0131n m&uuml;dafi\u0259si &uuml;zr\u0259 komissiyan\u0131n m\u0259sul katibi v\u0259zif\u0259l\u0259rin\u0259 t\u0259yin olunublar.<\/p>\n","protected":false},"excerpt":{"rendered":"<p>A\u011fstafa rayonunda apar\u0131lan kadr islahatlar\u0131 &ccedil;\u0259r&ccedil;iv\u0259sind\u0259 n&ouml;vb\u0259ti t\u0259yinatlar olub. Ucnoqta.az&nbsp;x\u0259b\u0259r verir ki, A\u011fstafa Rayon Statistika \u0130dar\u0259sinin r\u0259isi K\u0259nan \u0130brahimov ba\u015f&ccedil;\u0131n\u0131n m&uuml;avini &#8211; Sosial-iqtisadi inki\u015faf\u0131n t\u0259hlili v\u0259 proqnozla\u015fd\u0131r\u0131lmas\u0131 \u015f&ouml;b\u0259sinin m&uuml;diri, Yeni&hellip;<\/p>\n","protected":false},"author":1,"featured_media":251278,"comment_status":"open","ping_status":"open","sticky":false,"template":"","format":"standard","meta":{"_lmt_disableupdate":"","_lmt_disable":"","footnotes":""},"categories":[],"tags":[],"class_list":["post-102440","post","type-post","status-publish","format-standard","has-post-thumbnail","hentry"],"_links":{"self":[{"href":"https:\/\/ucnoqta.az\/index.php?rest_route=\/wp\/v2\/posts\/102440","targetHints":{"allow":["GET"]}}],"collection":[{"href":"https:\/\/ucnoqta.az\/index.php?rest_route=\/wp\/v2\/posts"}],"about":[{"href":"https:\/\/ucnoqta.az\/index.php?rest_route=\/wp\/v2\/types\/post"}],"author":[{"embeddable":true,"href":"https:\/\/ucnoqta.az\/index.php?rest_route=\/wp\/v2\/users\/1"}],"replies":[{"embeddable":true,"href":"https:\/\/ucnoqta.az\/index.php?rest_route=%2Fwp%2Fv2%2Fcomments&post=102440"}],"version-history":[{"count":0,"href":"https:\/\/ucnoqta.az\/index.php?rest_route=\/wp\/v2\/posts\/102440\/revisions"}],"wp:featuredmedia":[{"embeddable":true,"href":"https:\/\/ucnoqta.az\/index.php?rest_route=\/wp\/v2\/media\/251278"}],"wp:attachment":[{"href":"https:\/\/ucnoqta.az\/index.php?rest_route=%2Fwp%2Fv2%2Fmedia&parent=102440"}],"wp:term":[{"taxonomy":"category","embeddable":true,"href":"https:\/\/ucnoqta.az\/index.php?rest_route=%2Fwp%2Fv2%2Fcategories&post=102440"},{"taxonomy":"post_tag","embeddable":true,"href":"https:\/\/ucnoqta.az\/index.php?rest_route=%2Fwp%2Fv2%2Ftags&post=102440"}],"curies":[{"name":"wp","href":"https:\/\/api.w.org\/{rel}","templated":true}]}}