{"id":102438,"date":"2020-08-19T11:00:05","date_gmt":"2020-08-19T07:00:05","guid":{"rendered":""},"modified":"-0001-11-30T00:00:00","modified_gmt":"-0001-11-29T20:00:00","slug":"","status":"publish","type":"post","link":"https:\/\/ucnoqta.az\/?p=102438","title":{"rendered":"Eldar H\u0259s\u0259nov apellyasiya \u015fikay\u0259ti verib"},"content":{"rendered":"<p><strong>H\u0259bsd\u0259 olan sabiq s\u0259fir Eldar H\u0259s\u0259nov apellyasiya \u015fikay\u0259ti verib.<\/strong><\/p>\n<p>Bu bar\u0259d\u0259&nbsp;APA-ya E.H\u0259s\u0259novun v\u0259kili Adil \u0130smay\u0131lov bildirib.<\/p>\n<p>V\u0259kilin s&ouml;zl\u0259rin\u0259 g&ouml;r\u0259, S\u0259bail rayon M\u0259hk\u0259m\u0259sinin q\u0259rar\u0131ndan veril\u0259n apellyasiya \u015fikay\u0259tin\u0259 Bak\u0131 Apellyasiya M\u0259hk\u0259m\u0259sind\u0259 bax\u0131lacaq.<\/p>\n<p>Qeyd ed\u0259k ki, E.H\u0259s\u0259nov D&ouml;vl\u0259t T\u0259hl&uuml;k\u0259sizliyi (DTX) t\u0259r\u0259find\u0259n saxlan\u0131l\u0131b.<\/p>\n<p>DTX-nin yayd\u0131\u011f\u0131 m\u0259lumata g&ouml;r\u0259, Az\u0259rbaycan Respublikas\u0131 Xarici \u0130\u015fl\u0259r Nazirliyinin b\u0259zi v\u0259zif\u0259li \u015f\u0259xsl\u0259rinin &ouml;z s\u0259lahiyy\u0259tl\u0259rind\u0259n sui-istifad\u0259 edib d&ouml;vl\u0259tin qanunla qorunan m\u0259nafel\u0259rin\u0259 m&uuml;h&uuml;m z\u0259r\u0259r vuran \u0259m\u0259ll\u0259r\u0259 yol verm\u0259l\u0259ri il\u0259 ba\u011fl\u0131 ba\u015flan\u0131lm\u0131\u015f cinay\u0259t i\u015fi &uuml;zr\u0259 Xarici \u0130\u015fl\u0259r Nazirliyinin \u0130\u015fl\u0259r idar\u0259sinin m&uuml;diri, Nazirliyin Tender Komissiyas\u0131n\u0131n s\u0259dri F\u0259rhad Mollazad\u0259, Konsulluq idar\u0259sinin r\u0259isi Faiq Ba\u011f\u0131rov v\u0259 dig\u0259rl\u0259ri v\u0259zif\u0259 s\u0259lahiyy\u0259tl\u0259rind\u0259n sui-istifad\u0259 etm\u0259, m\u0259nims\u0259m\u0259, r&uuml;\u015fv\u0259t alma faktlar\u0131na g&ouml;r\u0259 cinay\u0259t m\u0259suliyy\u0259tin\u0259 c\u0259lb edil\u0259r\u0259k bar\u0259l\u0259rind\u0259 m\u0259hk\u0259m\u0259nin q\u0259rarlar\u0131 \u0259sas\u0131nda h\u0259bs q\u0259timkan t\u0259dbiri se&ccedil;ilib.<\/p>\n<p>Davam ed\u0259n cinay\u0259t i\u015fi &uuml;zr\u0259 h\u0259yata ke&ccedil;iril\u0259n istintaq-\u0259m\u0259liyyat t\u0259dbirl\u0259ri zaman\u0131 Xarici \u0130\u015fl\u0259r Nazirliyinin f\u0259aliyy\u0259t istiqam\u0259tl\u0259ri &uuml;zr\u0259 ayr\u0131lan d&ouml;vl\u0259t b&uuml;dc\u0259 v\u0259saitl\u0259rinin m\u0259nims\u0259nilm\u0259si il\u0259 ba\u011fl\u0131 yeni m\u0259lumatlar \u0259ld\u0259 edilib, toplan\u0131lm\u0131\u015f materiallar \u0259sas\u0131nda m&uuml;vafiq q\u0259rarla kompleks maliyy\u0259-t\u0259s\u0259rr&uuml;fat f\u0259aliyy\u0259ti &uuml;zr\u0259 yoxlama t\u0259yin edilib. Maliyy\u0259 yoxlamalar\u0131 zaman\u0131 Az\u0259rbaycan Respublikas\u0131n\u0131n Serbiya Respublikas\u0131nda, Monteneqroda, Bosniya v\u0259 Herseqovinadak\u0131 s\u0259firi H\u0259s\u0259nov Eldar H&uuml;mb\u0259t o\u011flu t\u0259r\u0259find\u0259n xeyli miqdarda b&uuml;dc\u0259 v\u0259saitinin t\u0259yinat\u0131 &uuml;zr\u0259 istifad\u0259 edilm\u0259m\u0259si v\u0259 dig\u0259r qanun pozuntular\u0131n\u0131n t&ouml;r\u0259dilm\u0259sin\u0259 dair \u0259sasl\u0131 \u015f&uuml;bh\u0259l\u0259r m&uuml;\u0259yy\u0259n edilib. Apar\u0131lan istintaq &ccedil;\u0259r&ccedil;iv\u0259sind\u0259 E.H\u0259s\u0259nov \u015f&uuml;bh\u0259li \u015f\u0259xs qismind\u0259 tutulub.&nbsp;<\/p>\n<p>S\u0259bail Rayon M\u0259hk\u0259m\u0259si t\u0259r\u0259find\u0259n&nbsp;E.H\u0259s\u0259nov bar\u0259sind\u0259 3 ay m&uuml;dd\u0259tin\u0259 h\u0259bs q\u0259timkan t\u0259dbiri se&ccedil;ilib.<\/p>\n<p>E.H\u0259s\u0259nova qar\u015f\u0131 Cinay\u0259t M\u0259c\u0259ll\u0259sinin 308.2 (V\u0259zif\u0259 s\u0259lahiyy\u0259tl\u0259rind\u0259n sui-istifad\u0259) v\u0259 308-1.1-ci (D&ouml;vl\u0259t b&uuml;dc\u0259sinin, m\u0259qs\u0259dli b&uuml;dc\u0259 fondlar\u0131n\u0131n v\u0259 ya b&uuml;dc\u0259d\u0259nk\u0259nar d&ouml;vl\u0259t fondlar\u0131n\u0131n v\u0259saitind\u0259n t\u0259yinat\u0131 &uuml;zr\u0259 istifad\u0259 etm\u0259m\u0259) madd\u0259l\u0259ri &uuml;zr\u0259 ittiham ir\u0259li s&uuml;r&uuml;l&uuml;b.<\/p>\n","protected":false},"excerpt":{"rendered":"<p>H\u0259bsd\u0259 olan sabiq s\u0259fir Eldar H\u0259s\u0259nov apellyasiya \u015fikay\u0259ti verib. Bu bar\u0259d\u0259&nbsp;APA-ya E.H\u0259s\u0259novun v\u0259kili Adil \u0130smay\u0131lov bildirib. V\u0259kilin s&ouml;zl\u0259rin\u0259 g&ouml;r\u0259, S\u0259bail rayon M\u0259hk\u0259m\u0259sinin q\u0259rar\u0131ndan veril\u0259n apellyasiya \u015fikay\u0259tin\u0259 Bak\u0131 Apellyasiya M\u0259hk\u0259m\u0259sind\u0259 bax\u0131lacaq.&hellip;<\/p>\n","protected":false},"author":1,"featured_media":251278,"comment_status":"open","ping_status":"open","sticky":false,"template":"","format":"standard","meta":{"_lmt_disableupdate":"","_lmt_disable":"","footnotes":""},"categories":[],"tags":[],"class_list":["post-102438","post","type-post","status-publish","format-standard","has-post-thumbnail","hentry"],"_links":{"self":[{"href":"https:\/\/ucnoqta.az\/index.php?rest_route=\/wp\/v2\/posts\/102438","targetHints":{"allow":["GET"]}}],"collection":[{"href":"https:\/\/ucnoqta.az\/index.php?rest_route=\/wp\/v2\/posts"}],"about":[{"href":"https:\/\/ucnoqta.az\/index.php?rest_route=\/wp\/v2\/types\/post"}],"author":[{"embeddable":true,"href":"https:\/\/ucnoqta.az\/index.php?rest_route=\/wp\/v2\/users\/1"}],"replies":[{"embeddable":true,"href":"https:\/\/ucnoqta.az\/index.php?rest_route=%2Fwp%2Fv2%2Fcomments&post=102438"}],"version-history":[{"count":0,"href":"https:\/\/ucnoqta.az\/index.php?rest_route=\/wp\/v2\/posts\/102438\/revisions"}],"wp:featuredmedia":[{"embeddable":true,"href":"https:\/\/ucnoqta.az\/index.php?rest_route=\/wp\/v2\/media\/251278"}],"wp:attachment":[{"href":"https:\/\/ucnoqta.az\/index.php?rest_route=%2Fwp%2Fv2%2Fmedia&parent=102438"}],"wp:term":[{"taxonomy":"category","embeddable":true,"href":"https:\/\/ucnoqta.az\/index.php?rest_route=%2Fwp%2Fv2%2Fcategories&post=102438"},{"taxonomy":"post_tag","embeddable":true,"href":"https:\/\/ucnoqta.az\/index.php?rest_route=%2Fwp%2Fv2%2Ftags&post=102438"}],"curies":[{"name":"wp","href":"https:\/\/api.w.org\/{rel}","templated":true}]}}