{"id":102437,"date":"2020-08-19T10:45:01","date_gmt":"2020-08-19T06:45:01","guid":{"rendered":""},"modified":"-0001-11-30T00:00:00","modified_gmt":"-0001-11-29T20:00:00","slug":"","status":"publish","type":"post","link":"https:\/\/ucnoqta.az\/?p=102437","title":{"rendered":"Kamran \u018fliyevd\u0259n s\u00fcr\u00fcc\u00fcl\u0259r\u0259 m\u00fcraci\u0259t"},"content":{"rendered":"<p><strong>D\u0130N Ba\u015f DYP \u0130dar\u0259sinin&nbsp;\u015f&ouml;b\u0259 r\u0259isi Kamran \u018fliyev n\u0259qliyyat vasit\u0259l\u0259rinin texniki bax\u0131\u015fdan ke&ccedil;irilm\u0259si &uuml;&ccedil;&uuml;n Bak\u0131 \u015f\u0259h\u0259rinin Qarada\u011f rayonu \u0259razisind\u0259 yeni istifad\u0259y\u0259 verilmi\u015f m&uuml;ayin\u0259 m\u0259rk\u0259zinin f\u0259aliyy\u0259t\u0259 ba\u015flamas\u0131 il\u0259 \u0259laq\u0259dar h&uuml;quqi v\u0259 fiziki \u015f\u0259xsl\u0259r\u0259 m&uuml;raci\u0259t edib.<\/strong><\/p>\n<p>M&uuml;raci\u0259td\u0259 deyilir:<\/p>\n<p>&ldquo;D\u0130N Ba\u015f DYP \u0130dar\u0259si istifad\u0259sind\u0259 olan n\u0259qliyyat vasit\u0259l\u0259rinin texniki bax\u0131\u015fdan ke&ccedil;m\u0259 m&uuml;dd\u0259tinin bitm\u0259si il\u0259 ba\u011fl\u0131 SMS m\u0259lumat alm\u0131\u015f v\u0259 ya qanunvericilikl\u0259 n\u0259z\u0259rd\u0259 tutulmu\u015f texniki bax\u0131\u015f m&uuml;dd\u0259ti bitmi\u015f avtomobil s&uuml;r&uuml;c&uuml;l\u0259rinin v\u0259 sahibl\u0259rinin diqq\u0259tin\u0259 &ccedil;atd\u0131r\u0131r ki, Bak\u0131, Sumqay\u0131t v\u0259 Ab\u015feron rayonu \u0259razisind\u0259 ya\u015fayan sakinl\u0259r paytaxt\u0131n Sabun&ccedil;u rayonu \u0259razisind\u0259 yerl\u0259\u015f\u0259n Texniki M&uuml;ayin\u0259 M\u0259rk\u0259zi, Sumqay\u0131t Regional qeydiyyat-imtahan v\u0259 texniki bax\u0131\u015f \u015f&ouml;b\u0259si il\u0259 yana\u015f\u0131 paytaxt\u0131n Qarada\u011f rayonunun L&ouml;kbatan dair\u0259sind\u0259n Yeni Yasamal ya\u015fay\u0131\u015f massivin\u0259 ged\u0259n yolun 2-ci kilometrliyind\u0259 (S\u0259d\u0259r\u0259k Ticar\u0259t M\u0259rk\u0259zinin yan\u0131) yeni istifad\u0259y\u0259 verilmi\u015f v\u0259 m&uuml;\u0430sir \u0430vad\u0430nl\u0131q v\u0259 &ouml;l&ccedil;&uuml; cih\u0430zl\u0430r\u0131 il\u0259 t\u0259chiz edilmi\u015f M&uuml;ayin\u0259 M\u0259rk\u0259zind\u0259 d\u0259 n\u0259qliyyat vasit\u0259l\u0259rini texniki bax\u0131\u015fa t\u0259qdim ed\u0259 bil\u0259rl\u0259r.<\/p>\n<p>S&uuml;r&uuml;c&uuml;l\u0259rin diqq\u0259tin\u0259 &ccedil;atd\u0131r\u0131l\u0131r ki, respublika &uuml;zr\u0259 b&uuml;t&uuml;n texniki bax\u0131\u015f m\u0259nt\u0259q\u0259l\u0259ri istirah\u0259t v\u0259 bayram g&uuml;nl\u0259ri d\u0259 daxil olmaqla h\u0259r g&uuml;n saat 09:00-dan 18:00-d\u0259k fasil\u0259siz f\u0259aliyy\u0259t g&ouml;st\u0259rir.<\/p>\n<p>Texniki bax\u0131\u015fa t\u0259qdim olunan n\u0259qliyyat vasit\u0259l\u0259ri &ldquo;Yol h\u0259r\u0259k\u0259ti haqq\u0131nda&rdquo; Az\u0259rbaycan Respublikas\u0131n\u0131n Qanununa 1 sayl\u0131 \u018flav\u0259 il\u0259 m&uuml;\u0259yy\u0259n olunmu\u015f t\u0259l\u0259bl\u0259r\u0259 uy\u011fun olmal\u0131d\u0131r&rdquo;.\/\/\/qafqazinfo<\/p>\n","protected":false},"excerpt":{"rendered":"<p>D\u0130N Ba\u015f DYP \u0130dar\u0259sinin&nbsp;\u015f&ouml;b\u0259 r\u0259isi Kamran \u018fliyev n\u0259qliyyat vasit\u0259l\u0259rinin texniki bax\u0131\u015fdan ke&ccedil;irilm\u0259si &uuml;&ccedil;&uuml;n Bak\u0131 \u015f\u0259h\u0259rinin Qarada\u011f rayonu \u0259razisind\u0259 yeni istifad\u0259y\u0259 verilmi\u015f m&uuml;ayin\u0259 m\u0259rk\u0259zinin f\u0259aliyy\u0259t\u0259 ba\u015flamas\u0131 il\u0259 \u0259laq\u0259dar h&uuml;quqi v\u0259 fiziki&hellip;<\/p>\n","protected":false},"author":1,"featured_media":251278,"comment_status":"open","ping_status":"open","sticky":false,"template":"","format":"standard","meta":{"_lmt_disableupdate":"","_lmt_disable":"","footnotes":""},"categories":[],"tags":[],"class_list":["post-102437","post","type-post","status-publish","format-standard","has-post-thumbnail","hentry"],"_links":{"self":[{"href":"https:\/\/ucnoqta.az\/index.php?rest_route=\/wp\/v2\/posts\/102437","targetHints":{"allow":["GET"]}}],"collection":[{"href":"https:\/\/ucnoqta.az\/index.php?rest_route=\/wp\/v2\/posts"}],"about":[{"href":"https:\/\/ucnoqta.az\/index.php?rest_route=\/wp\/v2\/types\/post"}],"author":[{"embeddable":true,"href":"https:\/\/ucnoqta.az\/index.php?rest_route=\/wp\/v2\/users\/1"}],"replies":[{"embeddable":true,"href":"https:\/\/ucnoqta.az\/index.php?rest_route=%2Fwp%2Fv2%2Fcomments&post=102437"}],"version-history":[{"count":0,"href":"https:\/\/ucnoqta.az\/index.php?rest_route=\/wp\/v2\/posts\/102437\/revisions"}],"wp:featuredmedia":[{"embeddable":true,"href":"https:\/\/ucnoqta.az\/index.php?rest_route=\/wp\/v2\/media\/251278"}],"wp:attachment":[{"href":"https:\/\/ucnoqta.az\/index.php?rest_route=%2Fwp%2Fv2%2Fmedia&parent=102437"}],"wp:term":[{"taxonomy":"category","embeddable":true,"href":"https:\/\/ucnoqta.az\/index.php?rest_route=%2Fwp%2Fv2%2Fcategories&post=102437"},{"taxonomy":"post_tag","embeddable":true,"href":"https:\/\/ucnoqta.az\/index.php?rest_route=%2Fwp%2Fv2%2Ftags&post=102437"}],"curies":[{"name":"wp","href":"https:\/\/api.w.org\/{rel}","templated":true}]}}