{"id":102435,"date":"2020-08-19T10:23:32","date_gmt":"2020-08-19T06:23:32","guid":{"rendered":""},"modified":"-0001-11-30T00:00:00","modified_gmt":"-0001-11-29T20:00:00","slug":"","status":"publish","type":"post","link":"https:\/\/ucnoqta.az\/?p=102435","title":{"rendered":"Bak\u0131da kafe v\u0259 restoranlarda reydl\u0259r ke\u00e7irilir &#8211;<font color=red><b> Foto<\/b><\/font>"},"content":{"rendered":"<p><strong>X\u0259b\u0259r verdiyimiz kimi, Nazirl\u0259r Kabinetini yan\u0131nda Operativ Q\u0259rargah\u0131n q\u0259rar\u0131na \u0259sas\u0259n avqustun 18-d\u0259n etibar\u0259n Bak\u0131 \u015f\u0259h\u0259ri d\u0259 daxil olmaqla 7 \u015f\u0259h\u0259r v\u0259 6 rayonda&nbsp; ictimai ia\u015f\u0259 obyektl\u0259rind\u0259, el\u0259c\u0259 d\u0259 restoran, kafe, &ccedil;ay evl\u0259ri v\u0259 bu kimi dig\u0259r m\u0259kanlarda m&uuml;\u015ft\u0259ril\u0259r\u0259 a&ccedil;\u0131q hava \u015f\u0259raitind\u0259 xidm\u0259t g&ouml;st\u0259rilm\u0259sin\u0259 icaz\u0259 verilir. Q\u0259rara uy\u011fun olaraq m&uuml;\u015ft\u0259ril\u0259r\u0259 a&ccedil;\u0131q hava sah\u0259sind\u0259 yerind\u0259 xidm\u0259t saat 09:00-dan 22:00-d\u0259k (q\u0259lyan avadanl\u0131qlar\u0131ndan istifad\u0259 v\u0259 h\u0259r bir masa arxas\u0131nda 6 n\u0259f\u0259rd\u0259n art\u0131q topla\u015fmaq istisna olmaqla) h\u0259yata ke&ccedil;iril\u0259c\u0259k.<\/strong><\/p>\n<p>Bu obyektl\u0259rin qeyd edil\u0259n q\u0259rara uy\u011fun \u015f\u0259kild\u0259 f\u0259aliyy\u0259tinin yoxlan\u0131lmas\u0131 m\u0259qs\u0259di il\u0259 Bak\u0131 \u015e\u0259h\u0259r v\u0259 paytaxt rayonlar\u0131n\u0131n \u0130cra Hakimiyy\u0259tl\u0259ri, \u0130qtisadiyyat Nazirliyi, Qida T\u0259hl&uuml;k\u0259sizliyi Agentliyi v\u0259 Bak\u0131 \u015e\u0259h\u0259r Ba\u015f Polis \u0130dar\u0259sinin m\u0259sul \u0259m\u0259kdas\u0327lar\u0131 t\u0259r\u0259find\u0259n birg\u0259 reydl\u0259r\u0259 ba\u015flan\u0131l\u0131b. Reydl\u0259r zaman\u0131 koronavirus (COVID-19) pandemiyas\u0131 d&ouml;vr&uuml;nd\u0259 a&ccedil;\u0131q havada f\u0259aliyy\u0259t g&ouml;st\u0259r\u0259n ictimai ia\u015f\u0259 m&uuml;\u0259ssis\u0259l\u0259rind\u0259 virusa yoluxma hallar\u0131n\u0131n qar\u015f\u0131s\u0131n\u0131n al\u0131nmas\u0131 m\u0259qs\u0259dil\u0259 h\u0259min m&uuml;\u0259ssis\u0259d\u0259 t\u0259mizlik v\u0259 dezinfeksiya i\u015fl\u0259rinin d&ouml;vriliyin\u0259, t\u0259tbiqin\u0259 icaz\u0259 veril\u0259n dezinfeksiyaedici madd\u0259l\u0259rd\u0259n d&uuml;zg&uuml;n istifad\u0259 qaydalar\u0131na riay\u0259t edilm\u0259si m\u0259s\u0259l\u0259l\u0259ri ara\u015fd\u0131r\u0131l\u0131b, xidm\u0259t v\u0259 ictimai ias\u0327\u0259 sektorlar\u0131nda mu\u0308s\u0327t\u0259ril\u0259rin q\u0259bulu, xidm\u0259tin sanitar-epidemioloji normalara uyg\u0306un qurulmas\u0131 v\u0259 insanlar aras\u0131nda sosial m\u0259saf\u0259nin qorunmas\u0131 m\u0259qs\u0259dil\u0259 kafe v\u0259 restoranlarda xidm\u0259t personal\u0131 il\u0259 so\u0308hb\u0259tl\u0259r apar\u0131l\u0131b.<\/p>\n<p>Reydl\u0259r zaman\u0131 a&ccedil;\u0131q havada f\u0259aliyy\u0259t g&ouml;st\u0259r\u0259n \u0259ks\u0259r ia\u015f\u0259 obyektl\u0259rind\u0259 Operativ Q\u0259rargah\u0131n q\u0259rarlar\u0131na uy\u011fun \u015f\u0259raitin yarad\u0131lmas\u0131, burada qaydalara d&uuml;zg&uuml;n riay\u0259t edilm\u0259si m&uuml;\u0259yy\u0259n edilib. A\u015fkar edil\u0259n n&ouml;qsanlar yerind\u0259 aradan qald\u0131r\u0131l\u0131b v\u0259 mo\u0308vcud qayda v\u0259 t\u0259l\u0259bl\u0259rl\u0259 bag\u0306l\u0131 sahibkarl\u0131q subyektl\u0259rinin v\u0259 onlar\u0131n v\u0259zif\u0259li s\u0327\u0259xsl\u0259ri z\u0259ruri sosial davran\u0131s\u0327 qaydalar\u0131 v\u0259 sanitar-epidemioloji normalarla bag\u0306l\u0131 m\u0259lumatland\u0131r\u0131l\u0131b.<\/p>\n<p>Paytaxtda ictimai ias\u0327\u0259 sektorunda ac\u0327\u0131q hava sah\u0259l\u0259rind\u0259 mu\u0308s\u0327t\u0259ril\u0259r\u0259 xidm\u0259tl\u0259rin h\u0259yata kec\u0327irilm\u0259si zaman\u0131 epidemiya \u0259leyhin\u0259 rejimin, sanitariya-gigiyena v\u0259 karantin qaydalar\u0131n\u0131n t\u0259l\u0259bl\u0259rin\u0259 ciddi \u0259m\u0259l olunmas\u0131na n\u0259zar\u0259t v\u0259 birg\u0259 reydl\u0259r davam etdiril\u0259c\u0259k.<\/p>\n","protected":false},"excerpt":{"rendered":"<p>X\u0259b\u0259r verdiyimiz kimi, Nazirl\u0259r Kabinetini yan\u0131nda Operativ Q\u0259rargah\u0131n q\u0259rar\u0131na \u0259sas\u0259n avqustun 18-d\u0259n etibar\u0259n Bak\u0131 \u015f\u0259h\u0259ri d\u0259 daxil olmaqla 7 \u015f\u0259h\u0259r v\u0259 6 rayonda&nbsp; ictimai ia\u015f\u0259 obyektl\u0259rind\u0259, el\u0259c\u0259 d\u0259 restoran, kafe,&hellip;<\/p>\n","protected":false},"author":1,"featured_media":251278,"comment_status":"open","ping_status":"open","sticky":false,"template":"","format":"standard","meta":{"_lmt_disableupdate":"","_lmt_disable":"","footnotes":""},"categories":[],"tags":[],"class_list":["post-102435","post","type-post","status-publish","format-standard","has-post-thumbnail","hentry"],"_links":{"self":[{"href":"https:\/\/ucnoqta.az\/index.php?rest_route=\/wp\/v2\/posts\/102435","targetHints":{"allow":["GET"]}}],"collection":[{"href":"https:\/\/ucnoqta.az\/index.php?rest_route=\/wp\/v2\/posts"}],"about":[{"href":"https:\/\/ucnoqta.az\/index.php?rest_route=\/wp\/v2\/types\/post"}],"author":[{"embeddable":true,"href":"https:\/\/ucnoqta.az\/index.php?rest_route=\/wp\/v2\/users\/1"}],"replies":[{"embeddable":true,"href":"https:\/\/ucnoqta.az\/index.php?rest_route=%2Fwp%2Fv2%2Fcomments&post=102435"}],"version-history":[{"count":0,"href":"https:\/\/ucnoqta.az\/index.php?rest_route=\/wp\/v2\/posts\/102435\/revisions"}],"wp:featuredmedia":[{"embeddable":true,"href":"https:\/\/ucnoqta.az\/index.php?rest_route=\/wp\/v2\/media\/251278"}],"wp:attachment":[{"href":"https:\/\/ucnoqta.az\/index.php?rest_route=%2Fwp%2Fv2%2Fmedia&parent=102435"}],"wp:term":[{"taxonomy":"category","embeddable":true,"href":"https:\/\/ucnoqta.az\/index.php?rest_route=%2Fwp%2Fv2%2Fcategories&post=102435"},{"taxonomy":"post_tag","embeddable":true,"href":"https:\/\/ucnoqta.az\/index.php?rest_route=%2Fwp%2Fv2%2Ftags&post=102435"}],"curies":[{"name":"wp","href":"https:\/\/api.w.org\/{rel}","templated":true}]}}