{"id":102426,"date":"2020-08-18T23:01:27","date_gmt":"2020-08-18T19:01:27","guid":{"rendered":""},"modified":"-0001-11-30T00:00:00","modified_gmt":"-0001-11-29T20:00:00","slug":"","status":"publish","type":"post","link":"https:\/\/ucnoqta.az\/?p=102426","title":{"rendered":"&#8220;Adekvat t\u0259dbirl\u0259r g\u00f6r\u0259c\u0259yik&#8221;- <font color=red><b>Luka\u015fenkodan X\u018fB\u018fRDARLIQ<\/b><\/font>"},"content":{"rendered":"<p><strong>Belarus Prezidenti Aleksandr Luka\u015fenko m&uuml;xalif\u0259tin yaratd\u0131\u011f\u0131 \u018flaq\u0259l\u0259ndirm\u0259 \u015euras\u0131na birm\u0259nal\u0131 qiym\u0259t verib v\u0259 bunu hakimiyy\u0259tin \u0259ld\u0259 olunmas\u0131 c\u0259hdi kimi qiym\u0259tl\u0259ndirib.<\/strong><\/p>\n<p>&ldquo;Qafqazinfo&rdquo;nun &ldquo;BelTA&rdquo;ya istinad\u0259n m\u0259lumat\u0131na g&ouml;r\u0259, bu bar\u0259d\u0259 o, bu g&uuml;n T\u0259hl&uuml;k\u0259sizlik \u015euras\u0131n\u0131n &uuml;zvl\u0259ri il\u0259 ke&ccedil;iril\u0259n m&uuml;\u015favir\u0259d\u0259 bildirib.<\/p>\n<p>D&ouml;vl\u0259t ba\u015f&ccedil;\u0131s\u0131 &ouml;lk\u0259 daxilind\u0259 yaranm\u0131\u015f v\u0259ziyy\u0259t haqq\u0131nda dan\u0131\u015f\u0131b. &quot;Yeni element &#8211; hakimiyy\u0259ti, x&uuml;susil\u0259 d\u0259 g&uuml;c strukturlar\u0131n\u0131 z\u0259ifl\u0259tm\u0259k c\u0259hdidir: &ldquo;biz dincik, biz yax\u015f\u0131y\u0131q, ba\u015fa d&uuml;\u015f&uuml;rs&uuml;n&uuml;zm&uuml;, biz art\u0131q qar\u015f\u0131durma ist\u0259mirik&rdquo;. Bu, h\u0259m bel\u0259dir, h\u0259m d\u0259 el\u0259 deyil. Bu, \u015firmad\u0131r. \u018fg\u0259r onun arxas\u0131na baxsan\u0131z, n\u0259 ba\u015f verdiyini g&ouml;r\u0259rsiniz&quot;, &#8211; dey\u0259 Aleksandr Luka\u015fenko bildirib.<\/p>\n<p>Prezident qeyd edib ki, &ouml;lk\u0259d\u0259 hakimiyy\u0259tin &ouml;t&uuml;r&uuml;lm\u0259si &uuml;&ccedil;&uuml;n hans\u0131sa m&uuml;xalif\u0259t q\u0259rargah\u0131 yarad\u0131l\u0131b: &ldquo;N\u0259 az, n\u0259 &ccedil;ox t\u0259l\u0259b edirl\u0259r ki, onlara hakimiyy\u0259t versinl\u0259r. Dem\u0259k, biz bunu birm\u0259nal\u0131 qiym\u0259tl\u0259ndiririk: bu, hakimiyy\u0259tin b&uuml;t&uuml;n n\u0259tic\u0259l\u0259ri il\u0259 \u0259l\u0259 ke&ccedil;irilm\u0259si c\u0259hdidir&rdquo;.<\/p>\n<p>&ldquo;Ona g&ouml;r\u0259 d\u0259, m\u0259n bu q\u0259rargaha daxil olanlara x\u0259b\u0259rdarl\u0131q etm\u0259k ist\u0259yir\u0259m ki, biz adekvat t\u0259dbirl\u0259r g&ouml;r\u0259c\u0259yik. Yaln\u0131z Konstitusiya v\u0259 qanun \u0259sas\u0131nda. Bizim b\u0259zi isti ba\u015flar\u0131 s\u0259rinl\u0259m\u0259k &uuml;&ccedil;&uuml;n bel\u0259 &uuml;sullar\u0131m\u0131z kifay\u0259t q\u0259d\u0259rdir&rdquo;, &#8211; Aleksandr Luka\u015fenko x\u0259b\u0259rdarl\u0131q edib.<\/p>\n","protected":false},"excerpt":{"rendered":"<p>Belarus Prezidenti Aleksandr Luka\u015fenko m&uuml;xalif\u0259tin yaratd\u0131\u011f\u0131 \u018flaq\u0259l\u0259ndirm\u0259 \u015euras\u0131na birm\u0259nal\u0131 qiym\u0259t verib v\u0259 bunu hakimiyy\u0259tin \u0259ld\u0259 olunmas\u0131 c\u0259hdi kimi qiym\u0259tl\u0259ndirib. &ldquo;Qafqazinfo&rdquo;nun &ldquo;BelTA&rdquo;ya istinad\u0259n m\u0259lumat\u0131na g&ouml;r\u0259, bu bar\u0259d\u0259 o, bu g&uuml;n T\u0259hl&uuml;k\u0259sizlik&hellip;<\/p>\n","protected":false},"author":1,"featured_media":251278,"comment_status":"open","ping_status":"open","sticky":false,"template":"","format":"standard","meta":{"_lmt_disableupdate":"","_lmt_disable":"","footnotes":""},"categories":[89],"tags":[],"class_list":["post-102426","post","type-post","status-publish","format-standard","has-post-thumbnail","hentry","category-dunya-butun-xeberler"],"_links":{"self":[{"href":"https:\/\/ucnoqta.az\/index.php?rest_route=\/wp\/v2\/posts\/102426","targetHints":{"allow":["GET"]}}],"collection":[{"href":"https:\/\/ucnoqta.az\/index.php?rest_route=\/wp\/v2\/posts"}],"about":[{"href":"https:\/\/ucnoqta.az\/index.php?rest_route=\/wp\/v2\/types\/post"}],"author":[{"embeddable":true,"href":"https:\/\/ucnoqta.az\/index.php?rest_route=\/wp\/v2\/users\/1"}],"replies":[{"embeddable":true,"href":"https:\/\/ucnoqta.az\/index.php?rest_route=%2Fwp%2Fv2%2Fcomments&post=102426"}],"version-history":[{"count":0,"href":"https:\/\/ucnoqta.az\/index.php?rest_route=\/wp\/v2\/posts\/102426\/revisions"}],"wp:featuredmedia":[{"embeddable":true,"href":"https:\/\/ucnoqta.az\/index.php?rest_route=\/wp\/v2\/media\/251278"}],"wp:attachment":[{"href":"https:\/\/ucnoqta.az\/index.php?rest_route=%2Fwp%2Fv2%2Fmedia&parent=102426"}],"wp:term":[{"taxonomy":"category","embeddable":true,"href":"https:\/\/ucnoqta.az\/index.php?rest_route=%2Fwp%2Fv2%2Fcategories&post=102426"},{"taxonomy":"post_tag","embeddable":true,"href":"https:\/\/ucnoqta.az\/index.php?rest_route=%2Fwp%2Fv2%2Ftags&post=102426"}],"curies":[{"name":"wp","href":"https:\/\/api.w.org\/{rel}","templated":true}]}}