{"id":102422,"date":"2020-08-18T20:18:41","date_gmt":"2020-08-18T16:18:41","guid":{"rendered":""},"modified":"-0001-11-30T00:00:00","modified_gmt":"-0001-11-29T20:00:00","slug":"","status":"publish","type":"post","link":"https:\/\/ucnoqta.az\/?p=102422","title":{"rendered":"Prezidentin k\u00f6m\u0259k\u00e7il\u0259ri tan\u0131nm\u0131\u015f videoblogerl\u0259 g\u00f6r\u00fc\u015fd\u00fc"},"content":{"rendered":"<p><strong>Satirik videolar\u0131n m&uuml;\u0259llifi \u018frto\u011frul Kamalov Az\u0259rbaycan Respublikas\u0131 Prezidentinin k&ouml;m\u0259k&ccedil;il\u0259ri &ndash; \u015eahmar M&ouml;vs&uuml;mov v\u0259 Hikm\u0259t Hac\u0131yevl\u0259 g&ouml;r&uuml;\u015f&uuml;b.<\/strong><\/p>\n<p>Bu bar\u0259d\u0259 videobloger sosial \u015f\u0259b\u0259k\u0259 hesab\u0131nda&nbsp;bildirib:<br \/>\n&quot;&Ccedil;ox d\u0259y\u0259rli \u015eahmar m&uuml;\u0259llim v\u0259 Hikm\u0259t m&uuml;\u0259lliml\u0259 g&ouml;r&uuml;\u015f&uuml;m&uuml;z ba\u015f tutdu. M\u0259nim&ccedil;&uuml;n qururverici anlar idi. S\u0259mimiyy\u0259tl\u0259ri is\u0259 tamam ba\u015fqa idi. Var olun &ouml;lk\u0259mizin d\u0259y\u0259rli o\u011fullar\u0131. Allah Sizi qorusun.&nbsp;N\u0259 yax\u015f\u0131 ki, Sizi \u015f\u0259xs\u0259n tan\u0131d\u0131m, n\u0259 yax\u015f\u0131 ki, vars\u0131n\u0131z. \u015eahmar m&uuml;\u0259llim d\u0259, Hikm\u0259t m&uuml;\u0259llim d\u0259 videolar\u0131m\u0131 &ccedil;ox b\u0259y\u0259ndikl\u0259rini v\u0259 davam etm\u0259yimi ist\u0259dil\u0259r&quot;.<\/p>\n<p>Qeyd ed\u0259k ki, H.Hac\u0131yev Nazirl\u0259r Kabineti yan\u0131nda Operativ Q\u0259rargah\u0131n bir ne&ccedil;\u0259 g&uuml;n &ouml;nc\u0259 ke&ccedil;iril\u0259n brifinqind\u0259 &ccedil;\u0131x\u0131\u015f\u0131 zaman\u0131 \u018f.Kamalovun haz\u0131rlad\u0131\u011f\u0131 videomateriallar\u0131 b\u0259y\u0259ndiyini bildir\u0259r\u0259k onu Prezident Administrasiyas\u0131na d\u0259v\u0259t edib.\/\/\/report<\/p>\n","protected":false},"excerpt":{"rendered":"<p>Satirik videolar\u0131n m&uuml;\u0259llifi \u018frto\u011frul Kamalov Az\u0259rbaycan Respublikas\u0131 Prezidentinin k&ouml;m\u0259k&ccedil;il\u0259ri &ndash; \u015eahmar M&ouml;vs&uuml;mov v\u0259 Hikm\u0259t Hac\u0131yevl\u0259 g&ouml;r&uuml;\u015f&uuml;b. Bu bar\u0259d\u0259 videobloger sosial \u015f\u0259b\u0259k\u0259 hesab\u0131nda&nbsp;bildirib: &quot;&Ccedil;ox d\u0259y\u0259rli \u015eahmar m&uuml;\u0259llim v\u0259 Hikm\u0259t m&uuml;\u0259lliml\u0259 g&ouml;r&uuml;\u015f&uuml;m&uuml;z&hellip;<\/p>\n","protected":false},"author":1,"featured_media":251278,"comment_status":"open","ping_status":"open","sticky":false,"template":"","format":"standard","meta":{"_lmt_disableupdate":"","_lmt_disable":"","footnotes":""},"categories":[],"tags":[],"class_list":["post-102422","post","type-post","status-publish","format-standard","has-post-thumbnail","hentry"],"_links":{"self":[{"href":"https:\/\/ucnoqta.az\/index.php?rest_route=\/wp\/v2\/posts\/102422","targetHints":{"allow":["GET"]}}],"collection":[{"href":"https:\/\/ucnoqta.az\/index.php?rest_route=\/wp\/v2\/posts"}],"about":[{"href":"https:\/\/ucnoqta.az\/index.php?rest_route=\/wp\/v2\/types\/post"}],"author":[{"embeddable":true,"href":"https:\/\/ucnoqta.az\/index.php?rest_route=\/wp\/v2\/users\/1"}],"replies":[{"embeddable":true,"href":"https:\/\/ucnoqta.az\/index.php?rest_route=%2Fwp%2Fv2%2Fcomments&post=102422"}],"version-history":[{"count":0,"href":"https:\/\/ucnoqta.az\/index.php?rest_route=\/wp\/v2\/posts\/102422\/revisions"}],"wp:featuredmedia":[{"embeddable":true,"href":"https:\/\/ucnoqta.az\/index.php?rest_route=\/wp\/v2\/media\/251278"}],"wp:attachment":[{"href":"https:\/\/ucnoqta.az\/index.php?rest_route=%2Fwp%2Fv2%2Fmedia&parent=102422"}],"wp:term":[{"taxonomy":"category","embeddable":true,"href":"https:\/\/ucnoqta.az\/index.php?rest_route=%2Fwp%2Fv2%2Fcategories&post=102422"},{"taxonomy":"post_tag","embeddable":true,"href":"https:\/\/ucnoqta.az\/index.php?rest_route=%2Fwp%2Fv2%2Ftags&post=102422"}],"curies":[{"name":"wp","href":"https:\/\/api.w.org\/{rel}","templated":true}]}}